{"id":3278,"date":"2023-10-31T18:33:02","date_gmt":"2023-10-31T17:33:02","guid":{"rendered":"https:\/\/modenafuturacreativa.it\/?p=3278"},"modified":"2025-03-21T14:18:26","modified_gmt":"2025-03-21T13:18:26","slug":"media-arts-unesco-modena-al-meeting-internazionale","status":"publish","type":"post","link":"https:\/\/modenafuturacreativa.it\/de\/media-arts-unesco-modena-al-meeting-internazionale\/","title":{"rendered":"MEDIA ARTS UNESCO, MODENA AUF DER INTERNATIONALEN TAGUNG"},"content":{"rendered":"<div id=\"fws_6a9b7696004e7\"  data-column-margin=\"60px\" data-midnight=\"dark\"  class=\"wpb_row vc_row-fluid vc_row\"  style=\"padding-top: 0px; padding-bottom: 0px; \"><div class=\"row-bg-wrap\" data-bg-animation=\"none\" data-bg-animation-delay=\"\" data-bg-overlay=\"false\"><div class=\"inner-wrap row-bg-layer\" ><div class=\"row-bg viewport-desktop\"  style=\"\"><\/div><\/div><\/div><div class=\"row_col_wrap_12 col span_12 dark left\">\n\t<div  class=\"vc_col-sm-12 wpb_column column_container vc_column_container col no-extra-padding inherit_tablet inherit_phone\"  data-padding-pos=\"all\" data-has-bg-color=\"false\" data-bg-color=\"\" data-bg-opacity=\"1\" data-animation=\"\" data-delay=\"0\" >\n\t\t<div class=\"vc_column-inner\" >\n\t\t\t<div class=\"wpb_wrapper\">\n\t\t\t\t<div class=\"img-with-aniamtion-wrap\" data-max-width=\"100%\" data-max-width-mobile=\"default\" data-shadow=\"none\" data-animation=\"fade-in\" >\n      <div class=\"inner\">\n        <div class=\"hover-wrap\"> \n          <div class=\"hover-wrap-inner\">\n            <img loading=\"lazy\" decoding=\"async\" class=\"img-with-animation skip-lazy\" data-delay=\"0\" height=\"1046\" width=\"1531\" data-animation=\"fade-in\" src=\"https:\/\/modenafuturacreativa.it\/wp-content\/uploads\/2023\/10\/KV_ANNUALMEETING_6OCTUBRE.ai_Mesa-de-trabajo-1.jpg\" alt=\"\" srcset=\"https:\/\/modenafuturacreativa.it\/wp-content\/uploads\/2023\/10\/KV_ANNUALMEETING_6OCTUBRE.ai_Mesa-de-trabajo-1.jpg 1531w, https:\/\/modenafuturacreativa.it\/wp-content\/uploads\/2023\/10\/KV_ANNUALMEETING_6OCTUBRE.ai_Mesa-de-trabajo-1-300x205.jpg 300w, https:\/\/modenafuturacreativa.it\/wp-content\/uploads\/2023\/10\/KV_ANNUALMEETING_6OCTUBRE.ai_Mesa-de-trabajo-1-1024x700.jpg 1024w, https:\/\/modenafuturacreativa.it\/wp-content\/uploads\/2023\/10\/KV_ANNUALMEETING_6OCTUBRE.ai_Mesa-de-trabajo-1-768x525.jpg 768w\" sizes=\"auto, (max-width: 1531px) 100vw, 1531px\" \/>\n          <\/div>\n        <\/div>\n        \n      <\/div>\n    <\/div>\n<div class=\"wpb_text_column wpb_content_element\" >\n\t<h3><strong>MEDIA ARTS UNESCO, MODENA AUF DER INTERNATIONALEN TAGUNG<br \/>\n<\/strong><\/h3>\n<p><strong>In Cali, Kolumbien, findet vom 1. bis 3. November das Treffen der 16 kreativen St\u00e4dte statt, die das Netzwerk bilden. Eine Gelegenheit zur F\u00f6rderung und zum Austausch von Projekten<\/strong><\/p>\n<p>Modena nimmt zum ersten Mal am internationalen Treffen der Unesco Creative Cities for Media Arts teil, das vom 1. bis 3. November in Cali (Kolumbien) stattfindet und die Mitglieder des 2004 gegr\u00fcndeten Netzwerks zusammenbringt, um die Zusammenarbeit zwischen St\u00e4dten zu f\u00f6rdern, die Kreativit\u00e4t zu einem strategischen Faktor f\u00fcr eine nachhaltige Stadtentwicklung machen.<\/p>\n<p>An der Veranstaltung, die zum ersten Mal in Lateinamerika stattfindet, nehmen 16 der 21 Unesco-Kreativst\u00e4dte der Welt teil, um Erfahrungen und Wissen auszutauschen, k\u00fcnftige Projekte und Herausforderungen zu er\u00f6rtern und international f\u00fcr sich zu werben.<\/p>\n<p>Wie der Kulturstadtrat der Stadt Modena Andrea Bortolamasi betonte, stellt das Treffen eine weitere Etappe in der Entwicklung Modenas als Unesco Creative City dar: \"Die Pr\u00e4senz in Cali ist eine wichtige Gelegenheit, unsere Stadt als Ort der Kultur, Kreativit\u00e4t und Innovation zu f\u00f6rdern und den Grundstein f\u00fcr weitere Netzwerkprojekte mit anderen St\u00e4dten zu legen, die sich neuen Realit\u00e4ten \u00f6ffnen und die Internationalisierung der Protagonisten der kulturellen Szene der Stadt best\u00e4tigen.<\/p>\n<p>Modena, ab dem 8. November 2021 Unesco-Kreativstadt f\u00fcr Medienkunst und die einzige der italienischen Kreativst\u00e4dte im Cluster Medienkunst, pr\u00e4sentiert sich mit einem Video (zu sehen auf der Website modenafuturacreativa.it und www.comune.modena.it), das die wichtigsten Aktivit\u00e4ten, Festivals und kulturellen und k\u00fcnstlerischen Veranstaltungen vorstellt, die die Stadt im Bereich der Medienkunst ausrichtet, vorschl\u00e4gt und organisiert: vom digitalen Verlag Il Dondolo bis zu DhMoRe, dem Zentrum UniMoRe, das sich mit der Digitalisierung von Dokumentationsmaterial aus Museen, Bibliotheken und Archiven des modenesischen und nationalen Kulturerbes befasst; von \"Node\" bis zu den vom Stadttheater Pavarotti-Freni angebotenen Multimediashows vom FestivalFilosofia \u00fcber die virtuelle Realit\u00e4t des Laboratorio aperto bis hin zu den Projekten, die die \"klassischen\" K\u00fcnste mit den technologischen und digitalen Sprachen verbinden, wie z.B. Fem-Future education Modena, Ago Fabbriche culturali und Fmav-Fondazione Modena arti visive, sowie die Projekte, die das Bibliothekssystem und das Museo Civico di Modena einbeziehen. Alle Projekte, Aktivit\u00e4ten und Informationsbl\u00e4tter der Organisationen, die an Modena als Unesco Creative City for Media Arts teilnehmen, k\u00f6nnen auf der entsprechenden Website (modenafuturacreativa.it) eingesehen werden.<\/p>\n<p>Die Stadt Modena wird in Cali durch Silvia Sitton von der Stadtverwaltung Modena und der Anlaufstelle Unesco Creative City sowie durch Lorenzo Respi, Direktor f\u00fcr Ausstellungen und Sammlungen der Fmav-Fondazione Modena Arti Visive, vertreten. An dem Treffen nehmen Vertreter aus den d\u00e4nischen St\u00e4dten Kopenhagen und Viborg, Paris und Enghien les Bains (Frankreich), Namur (Belgien), Tiflis (Georgien), Toronto (Kanada), Gwanju (S\u00fcdkorea), Karlsruhe (Deutschland), Sapporo (Japan), Hamar (Norwegen), Campina Grande (Brasilien) und Austin (Texas, USA) teil.<\/p>\n<p>Auf dem Programm des Treffens stehen die Vorstellung der teilnehmenden St\u00e4dte und der von ihnen durchgef\u00fchrten Aktivit\u00e4ten im Bereich der Medienkunst sowie pers\u00f6nliche Treffen zum gegenseitigen Kennenlernen und zum Informationsaustausch zwischen den St\u00e4dten im Hinblick auf die k\u00fcnftige Entwicklung gemeinsamer Projekte, nach M\u00f6glichkeit auch durch die Inanspruchnahme europ\u00e4ischer F\u00f6rdermittel.<\/p>\n<\/div>\n\n\n\n<div class=\"divider-wrap\" data-alignment=\"default\"><div style=\"height: 5vh;\" class=\"divider\"><\/div><\/div>\n\t\t\t<\/div> \n\t\t<\/div>\n\t<\/div> \n<\/div><\/div>","protected":false},"excerpt":{"rendered":"MEDIA ARTS UNESCO, MODENA AUF INTERNATIONALEM TREFFEN In Cali, Kolumbien, findet vom 1. bis 3. November das Treffen der 16 kreativen St\u00e4dte statt, die das Netzwerk bilden. Eine Gelegenheit zur F\u00f6rderung und zum Austausch...","protected":false},"author":1,"featured_media":3260,"comment_status":"closed","ping_status":"closed","sticky":false,"template":"","format":"standard","meta":{"wpupg_custom_link":[],"wpupg_custom_link_behaviour":["default"],"wpupg_custom_link_nofollow":[],"wpupg_custom_image":[],"wpupg_custom_image_id":[],"footnotes":""},"categories":[475],"tags":[],"class_list":["post-3278","post","type-post","status-publish","format-standard","has-post-thumbnail","category-news"],"_links":{"self":[{"href":"https:\/\/modenafuturacreativa.it\/de\/wp-json\/wp\/v2\/posts\/3278","targetHints":{"allow":["GET"]}}],"collection":[{"href":"https:\/\/modenafuturacreativa.it\/de\/wp-json\/wp\/v2\/posts"}],"about":[{"href":"https:\/\/modenafuturacreativa.it\/de\/wp-json\/wp\/v2\/types\/post"}],"author":[{"embeddable":true,"href":"https:\/\/modenafuturacreativa.it\/de\/wp-json\/wp\/v2\/users\/1"}],"replies":[{"embeddable":true,"href":"https:\/\/modenafuturacreativa.it\/de\/wp-json\/wp\/v2\/comments?post=3278"}],"version-history":[{"count":1,"href":"https:\/\/modenafuturacreativa.it\/de\/wp-json\/wp\/v2\/posts\/3278\/revisions"}],"predecessor-version":[{"id":3279,"href":"https:\/\/modenafuturacreativa.it\/de\/wp-json\/wp\/v2\/posts\/3278\/revisions\/3279"}],"wp:featuredmedia":[{"embeddable":true,"href":"https:\/\/modenafuturacreativa.it\/de\/wp-json\/wp\/v2\/media\/3260"}],"wp:attachment":[{"href":"https:\/\/modenafuturacreativa.it\/de\/wp-json\/wp\/v2\/media?parent=3278"}],"wp:term":[{"taxonomy":"category","embeddable":true,"href":"https:\/\/modenafuturacreativa.it\/de\/wp-json\/wp\/v2\/categories?post=3278"},{"taxonomy":"post_tag","embeddable":true,"href":"https:\/\/modenafuturacreativa.it\/de\/wp-json\/wp\/v2\/tags?post=3278"}],"curies":[{"name":"wp","href":"https:\/\/api.w.org\/{rel}","templated":true}]}}