{"id":2747,"date":"2023-08-03T17:23:55","date_gmt":"2023-08-03T15:23:55","guid":{"rendered":"https:\/\/modenafuturacreativa.it\/?p=2747"},"modified":"2025-03-21T14:18:26","modified_gmt":"2025-03-21T13:18:26","slug":"online-la-mappa-delle-media-arts","status":"publish","type":"post","link":"https:\/\/modenafuturacreativa.it\/de\/online-la-mappa-delle-media-arts\/","title":{"rendered":"Online-Karte der Medienkunst"},"content":{"rendered":"<div id=\"fws_6a9b76955b312\"  data-column-margin=\"60px\" data-midnight=\"dark\"  class=\"wpb_row vc_row-fluid vc_row\"  style=\"padding-top: 0px; padding-bottom: 0px; \"><div class=\"row-bg-wrap\" data-bg-animation=\"none\" data-bg-animation-delay=\"\" data-bg-overlay=\"false\"><div class=\"inner-wrap row-bg-layer\" ><div class=\"row-bg viewport-desktop\"  style=\"\"><\/div><\/div><\/div><div class=\"row_col_wrap_12 col span_12 dark left\">\n\t<div  class=\"vc_col-sm-12 wpb_column column_container vc_column_container col no-extra-padding inherit_tablet inherit_phone\"  data-padding-pos=\"all\" data-has-bg-color=\"false\" data-bg-color=\"\" data-bg-opacity=\"1\" data-animation=\"\" data-delay=\"0\" >\n\t\t<div class=\"vc_column-inner\" >\n\t\t\t<div class=\"wpb_wrapper\">\n\t\t\t\t<div class=\"divider-wrap\" data-alignment=\"default\"><div style=\"height: 5vh;\" class=\"divider\"><\/div><\/div><div id=\"fws_6a9b76955b863\" data-midnight=\"\" data-column-margin=\"default\" class=\"wpb_row vc_row-fluid vc_row inner_row\"  style=\"\"><div class=\"row-bg-wrap\"> <div class=\"row-bg\" ><\/div> <\/div><div class=\"row_col_wrap_12_inner col span_12  left\">\n\t<div  class=\"vc_col-sm-12 wpb_column column_container vc_column_container col child_column no-extra-padding inherit_tablet inherit_phone\"   data-padding-pos=\"all\" data-has-bg-color=\"false\" data-bg-color=\"\" data-bg-opacity=\"1\" data-animation=\"\" data-delay=\"0\" >\n\t\t<div class=\"vc_column-inner\" >\n\t\t<div class=\"wpb_wrapper\">\n\t\t\t\n<div class=\"wpb_text_column wpb_content_element\" >\n\t<h3 id=\"parent-fieldname-description\">Eine Reise zum Kennenlernen aller Partner zwischen Festivals, innovativen Ausstellungswegen, Fortbildungen, Workshops, k\u00fcnstlerischen Residenzen und Digitalisierungsprojekten<\/h3>\n<div id=\"viewlet-above-content-body\">\n<p>Ein digitales Fitnessstudio, ein digitaler Verlag, ein Festival, das der Begegnung von Musik und neuen Technologien gewidmet ist, ein Zentrum f\u00fcr kulturelle Produktion und Forschung im Bereich der digitalen K\u00fcnste. Dies sind nur einige der Aktivit\u00e4ten, die das Projekt von Modena als Unesco Creative City for the Media Arts mit Leben erf\u00fcllen, wie es in der neuen Kreativit\u00e4tskarte, die gerade auf der Website von Modena futura creativa (<a href=\"https:\/\/modenafuturacreativa.it\/de\/mappa-della-creativita\/\">https:\/\/modenafuturacreativa.it\/mappa-della-creativita<\/a>) und auch auf der Website der Gemeinde (<a href=\"http:\/\/www.comune.modena.it\/\">www.comune.modena.it<\/a>). Die Karte wird von einer kurzen Videopr\u00e4sentation begleitet.<\/p>\n<p>Die Karte, die derzeit 23 Profile enth\u00e4lt, erm\u00f6glicht es dem Besucher, sich in allen \u00f6ffentlichen und privaten Einrichtungen und Organisationen, die Projekte im Bereich der Medienkunst durchf\u00fchren, zurechtzufinden und sich \u00fcber Aktivit\u00e4ten und Veranstaltungen auf dem Laufenden zu halten: Festivals, innovative Ausstellungsrouten, Fortbildungen, kreative Workshops, k\u00fcnstlerische Residenzen, Digitalisierungsprojekte des historischen und k\u00fcnstlerischen Erbes, interaktive Installationen und vieles mehr.<\/p>\n<p>Eine Gelegenheit\", wie Kulturstadtrat Andrea Bortolamasi betont, \"um aktuelle und geplante Veranstaltungen zu entdecken, die sich auf Kultur, Kreativit\u00e4t und Innovation beziehen. Aber auch eine M\u00f6glichkeit, visuell und unmittelbar die Ver\u00e4nderungen der Gegenwart darzustellen und sich die Zukunft vorzustellen. Die Karte schafft eine Beziehung und Synergie zwischen all jenen, die sich f\u00fcr Innovation in Kunst und Kultur einsetzen, und erm\u00f6glicht es uns - so die Stadtr\u00e4tin weiter -, ein umfassendes Bild von allem zu erhalten, was die Stadt im Bereich der Medienkunst vorgeschlagen hat und vorschl\u00e4gt\".<\/p>\n<p>Die Karte bietet f\u00fcr jede Organisation ein Profil, das den Bereich Medienkunst der Organisation und die in diesem Bereich durchgef\u00fchrten Initiativen und Projekte hervorhebt. Alle Aktivit\u00e4ten sind in f\u00fcnf Kategorien unterteilt, die jeweils durch eine andere Farbe gekennzeichnet sind: bildende Kunst, darstellende Kunst, Bildung, Musik, Digitalisierung. Und wieder werden innerhalb des Pr\u00e4sentationsbogens jedes Themas auch Videos und Interviews gesammelt, um noch besser auf einzelne Projekte wie Festivals, Ausstellungen, Fortbildungen, Workshops, Videos, K\u00fcnstlerresidenzen, Lesungen, interaktive Installationen \"eingehen\" zu k\u00f6nnen.<\/p>\n<\/div>\n<\/div>\n\n\n\n\n\t\t<\/div> \n\t<\/div>\n\t<\/div> \n<\/div><\/div><div class=\"divider-wrap\" data-alignment=\"default\"><div style=\"height: 5vh;\" class=\"divider\"><\/div><\/div>\n\t<div class=\"wpb_video_widget wpb_content_element vc_clearfix   vc_video-aspect-ratio-169 vc_video-el-width-100 vc_video-align-center\" >\n\t\t<div class=\"wpb_wrapper\">\n\t\t\t\n\t\t\t<div class=\"wpb_video_wrapper\"><iframe loading=\"lazy\" title=\"MODENA CREATIVE CITY, ONLINE MEDIENKUNST-KARTE\" width=\"500\" height=\"281\" src=\"https:\/\/www.youtube.com\/embed\/VZMH_kBEobc?feature=oembed\" frameborder=\"0\" allow=\"accelerometer; autoplay; clipboard-write; encrypted-media; gyroscope; picture-in-picture; web-share\" referrerpolicy=\"strict-origin-when-cross-origin\" allowfullscreen><\/iframe><\/div>\n\t\t<\/div>\n\t<\/div>\n\n\t\t\t<\/div> \n\t\t<\/div>\n\t<\/div> \n<\/div><\/div>","protected":false},"excerpt":{"rendered":"Eine Reise zum Kennenlernen aller Partner zwischen Festivals, innovativen Ausstellungswegen, Fortbildungen, Workshops, k\u00fcnstlerischen Residenzen und Digitalisierungsprojekten Ein digitales Fitnessstudio, ein digitaler Verlag, ein Festival, das...","protected":false},"author":1,"featured_media":2748,"comment_status":"closed","ping_status":"closed","sticky":false,"template":"","format":"standard","meta":{"wpupg_custom_link":[],"wpupg_custom_link_behaviour":["default"],"wpupg_custom_link_nofollow":[],"wpupg_custom_image":[],"wpupg_custom_image_id":[],"footnotes":""},"categories":[475],"tags":[],"class_list":["post-2747","post","type-post","status-publish","format-standard","has-post-thumbnail","category-news"],"_links":{"self":[{"href":"https:\/\/modenafuturacreativa.it\/de\/wp-json\/wp\/v2\/posts\/2747","targetHints":{"allow":["GET"]}}],"collection":[{"href":"https:\/\/modenafuturacreativa.it\/de\/wp-json\/wp\/v2\/posts"}],"about":[{"href":"https:\/\/modenafuturacreativa.it\/de\/wp-json\/wp\/v2\/types\/post"}],"author":[{"embeddable":true,"href":"https:\/\/modenafuturacreativa.it\/de\/wp-json\/wp\/v2\/users\/1"}],"replies":[{"embeddable":true,"href":"https:\/\/modenafuturacreativa.it\/de\/wp-json\/wp\/v2\/comments?post=2747"}],"version-history":[{"count":1,"href":"https:\/\/modenafuturacreativa.it\/de\/wp-json\/wp\/v2\/posts\/2747\/revisions"}],"predecessor-version":[{"id":2749,"href":"https:\/\/modenafuturacreativa.it\/de\/wp-json\/wp\/v2\/posts\/2747\/revisions\/2749"}],"wp:featuredmedia":[{"embeddable":true,"href":"https:\/\/modenafuturacreativa.it\/de\/wp-json\/wp\/v2\/media\/2748"}],"wp:attachment":[{"href":"https:\/\/modenafuturacreativa.it\/de\/wp-json\/wp\/v2\/media?parent=2747"}],"wp:term":[{"taxonomy":"category","embeddable":true,"href":"https:\/\/modenafuturacreativa.it\/de\/wp-json\/wp\/v2\/categories?post=2747"},{"taxonomy":"post_tag","embeddable":true,"href":"https:\/\/modenafuturacreativa.it\/de\/wp-json\/wp\/v2\/tags?post=2747"}],"curies":[{"name":"wp","href":"https:\/\/api.w.org\/{rel}","templated":true}]}}