{"id":253,"date":"2021-09-14T11:17:02","date_gmt":"2021-09-14T09:17:02","guid":{"rendered":"https:\/\/modenafutura.com\/?p=253"},"modified":"2025-03-21T14:18:27","modified_gmt":"2025-03-21T13:18:27","slug":"modena-percorso-di-candidatura-citta-creativa-unesco-appuntamento-ai-giardini","status":"publish","type":"post","link":"https:\/\/modenafuturacreativa.it\/de\/modena-percorso-di-candidatura-citta-creativa-unesco-appuntamento-ai-giardini\/","title":{"rendered":"MODENA KANDIDATUR PFAD UNESCO KREATIVE STADT, TERMIN IN DEN G\u00c4RTEN"},"content":{"rendered":"<div id=\"fws_6a9b7690e609e\"  data-column-margin=\"60px\" data-midnight=\"dark\"  class=\"wpb_row vc_row-fluid vc_row\"  style=\"padding-top: 0px; padding-bottom: 0px; \"><div class=\"row-bg-wrap\" data-bg-animation=\"none\" data-bg-animation-delay=\"\" data-bg-overlay=\"false\"><div class=\"inner-wrap row-bg-layer\" ><div class=\"row-bg viewport-desktop\"  style=\"\"><\/div><\/div><\/div><div class=\"row_col_wrap_12 col span_12 dark left\">\n\t<div  class=\"vc_col-sm-6 wpb_column column_container vc_column_container col no-extra-padding inherit_tablet inherit_phone\"  data-padding-pos=\"all\" data-has-bg-color=\"false\" data-bg-color=\"\" data-bg-opacity=\"1\" data-animation=\"\" data-delay=\"0\" >\n\t\t<div class=\"vc_column-inner\" >\n\t\t\t<div class=\"wpb_wrapper\">\n\t\t\t\t\n<div class=\"wpb_text_column wpb_content_element\" >\n\t<div id=\"parent-fieldname-description\">\n<div id=\"parent-fieldname-description\">\n<div id=\"parent-fieldname-description\">\n<div id=\"parent-fieldname-description\"><strong>Am Mittwoch, den 15. September, findet um 18.30 Uhr im Ducal Park das Treffen von \"Futura creativa\u00b2\" statt, um der Stadt das Projekt vorzustellen, das die Gemeinde f\u00fcr die Medienkunst in Paris nominiert hat<\/strong><\/div>\n<div id=\"viewlet-above-content-body\"><\/div>\n<div id=\"content-core\">\n<div id=\"parent-fieldname-text\">\n<p>Digitale Innovation, k\u00fcnstliche Intelligenz, neue kulturelle Produkte und technologisch fortschrittliche Projekte in den Bereichen Musik, bildende Kunst, Theater und Bildung. Diese Themen stehen im Mittelpunkt von \"Futura creativa\u00b2\", dem Treffen, das am Mittwoch, den 15. September, um 18.30 Uhr in den Herzoglichen G\u00e4rten stattfindet, um der \u00d6ffentlichkeit die Bewerbung Modenas als Unesco Creative City for Media Arts vorzustellen.<\/p>\n<p>Nachdem Modena die nationale Auswahl bestanden hat, wird es zusammen mit der f\u00fcr Kunsthandwerk und Volkskunst nominierten Stadt Como Italien bei der Endauswahl f\u00fcr die Aufnahme in das Unesco-Netzwerk der kreativen St\u00e4dte vertreten, die Ende Oktober in Paris stattfindet. Das Netzwerk der kreativen St\u00e4dte besteht derzeit aus 246 St\u00e4dten in rund achtzig L\u00e4ndern auf f\u00fcnf Kontinenten. In Italien gibt es elf kreative St\u00e4dte, und Modena w\u00e4re die einzige, die f\u00fcr den Bereich Medienkunst ausgew\u00e4hlt wurde. Vor der Ankunft in Paris wird die Kandidatur von Modena auch in Carrara vom 24. bis 26. September und in Biella am 2. und 3. Oktober im Rahmen der Foren des Netzwerks der kreativen St\u00e4dte vorgestellt.<\/p>\n<p>\"Futura creativa\u00b2\", die zweite Pr\u00e4sentationsveranstaltung der Kandidatur, ist eine Gelegenheit zum Dialog mit den zahlreichen \u00f6ffentlichen und privaten Einrichtungen, die zur Entwicklung des Projekts beitragen, und wird sich mit der Herausforderung der digitalen Innovation im kulturellen und k\u00fcnstlerischen Bereich befassen. Der Eintritt muss im Voraus online gebucht werden (<a href=\"mailto:biglietteria@emiliaromagnateatro.com\">biglietteria@emiliaromagnateatro.com<\/a>), telefonisch unter 059 213 6021, an der Kasse des Theaters Storchi oder direkt in den Ducal Gardens ab einer Stunde vor Beginn. F\u00fcr den Zutritt muss der Green Pass vorgelegt werden. Die Veranstaltung wird live auf der fb-Seite der Stadt Modena \u00fcbertragen (<a href=\"http:\/\/www.facebook.com\/cittadimodena\">www.facebook.com\/cittadimodena<\/a>).<\/p>\n<p>Nach den Gru\u00dfworten des B\u00fcrgermeisters Gian Carlo Muzzarelli, des Regionalrats f\u00fcr Kultur Mauro Felicori (der mit einer Videobotschaft anwesend ist) und des Pr\u00e4sidenten der Stiftung Modena Paolo Cavicchioli wird der Kulturstadtrat Andrea Bortolamasi eine Vorschau auf das Kandidaturvideo pr\u00e4sentieren.<\/p>\n<p>In den Vortr\u00e4gen werden zahlreiche Themen behandelt: \"Die Stadt der n\u00e4chsten Generation: Wie k\u00f6nnen junge Talente durch die Medienkunst aufgewertet werden?\" ist die Rede von Lara Oliveti, der Gr\u00fcnderin des Spieleunternehmens Melazeta; Innovation in der Aus- und Weiterbildung ist das Thema von Donatella Solda, der Direktorin von Fem-Future education Modena, w\u00e4hrend die Entwicklung digitaler Technologien in der Theaterarbeit von Patrizia Ghedini, der Pr\u00e4sidentin der Ater Fondazione, erl\u00e4utert wird.<\/p>\n<p>Rita Cucchiara, Professorin f\u00fcr k\u00fcnstliches Sehen an der Unimore, wird das Publikum in die Welt der k\u00fcnstlichen Intelligenz, angewandt auf Kreativit\u00e4t und Kultur, einf\u00fchren. K\u00fcnstliche Intelligenz unter dem Gesichtspunkt der kulturellen Auswirkungen ist auch das Thema von Luca Baraldi (Leiter der Corporate Identity bei Ammagamma), w\u00e4hrend \"Nat\u00fcrliche Intelligenz als Nahrung f\u00fcr k\u00fcnstliche Intelligenz\" der Titel des Vortrags von Maurizio Ferraris, Professor f\u00fcr Theoretische Philosophie an der Universit\u00e4t Turin (aus der Ferne), ist. Kreative und widerstandsf\u00e4hige St\u00e4dte\" schlie\u00dflich ist das Thema des Vortrags von Costanza Ferrarini vom Unesco-Projektb\u00fcro der Alessandro-Volta-Stiftung in Como.<\/p>\n<p>Die Tagung endet mit einer audiovisuellen Performance des Multimedia-K\u00fcnstlers JesterN mit dem Titel \"Laser drawing\".<\/p>\n<p>Bei schlechtem Wetter findet das Treffen in der Kirche von San Carlo (Modena - Via San Carlo, 7) statt.\n<\/p><\/div>\n<\/div>\n<\/div>\n<\/div>\n<\/div>\n<\/div>\n\n\n\n\n\t\t\t<\/div> \n\t\t<\/div>\n\t<\/div> \n\n\t<div  class=\"vc_col-sm-6 wpb_column column_container vc_column_container col no-extra-padding inherit_tablet inherit_phone\"  data-padding-pos=\"all\" data-has-bg-color=\"false\" data-bg-color=\"\" data-bg-opacity=\"1\" data-animation=\"\" data-delay=\"0\" >\n\t\t<div class=\"vc_column-inner\" >\n\t\t\t<div class=\"wpb_wrapper\">\n\t\t\t\t\n<div class=\"wpb_text_column wpb_content_element\" >\n\t<h6><strong>BILDGALERIE<\/strong><\/h6>\n<\/div>\n\n\n\n\n\t<div class=\"wpb_gallery wpb_content_element clearfix\">\n\t\t<div class=\"wpb_wrapper\"><div class=\"wpb_gallery_slidesimage_grid\" data-onclick=\"link_image\" data-interval=\"5\">\n\n\t<div class=\"portfolio-wrap\">\n\n\t\t\t<span class=\"portfolio-loading\"><\/span>\n\n\t\t\t<div class=\"row portfolio-items no-masonry\" data-starting-filter=\"\" data-gutter=\"default\" data-masonry-type=\"default\" data-bypass-cropping=\"\"  data-ps=\"7\" data-loading=\"default\" data-categories-to-show=\"\" data-col-num=\"cols-2\">\n\n\n\n\t\n\t\t\t\t\t\t\t<div class=\"col span_6  element\" data-project-cat=\"\" data-default-color=\"true\" data-title-color=\"\" data-subtitle-color=\"\">\n\n\t\t\t\t\t\t\t<div class=\"inner-wrap animated\" data-animation=\"none\">\n\n\t\t\t\t\t\t\t\n\t\t\t\t\t\t\t<div class=\"work-item style-2\">\n\n\t\t\t\t\t\t\t\t<img decoding=\"async\" class=\"skip-lazy top-level-image\" src=\"https:\/\/modenafuturacreativa.it\/wp-content\/uploads\/2021\/09\/futura-creativa-552x400.jpg\" width=\"552\" height=\"400\" alt=\"futura-creativa\" title=\"zukunftsweisend\" loading=\"lazy\" \/>\n\t\t\t\t\t\t\t\t<div class=\"work-info-bg\"><\/div>\n\t\t\t\t\t\t\t\t<div class=\"work-info\">\n\n\n\t\t\t\t\t\t\t\t\t\t\t\t\t\t\t\t\t   \t\t\t <a href=\"https:\/\/modenafuturacreativa.it\/wp-content\/uploads\/2021\/09\/futura-creativa.jpg\" class=\"pretty_photo\"><span class=\"screen-reader-text\">zukunftsweisend<\/span><\/a>\n\t\t\t\t\t\t\t\t   \t\t\n\t\t\t\t\t\t\t\t\t\t<div class=\"vert-center\">\n\t\t\t\t\t\t\t\t\t\t\t\t\t\t\t\t\t\t\t\t\t<\/div><!--\/vert-center-->\n\n\t\t\t\t\t\t\t\t\t\n\n\t\t\t\t\t\t\t\t<\/div>\n\t\t\t\t\t\t\t<\/div><!--work-item-->\n\n\t\t\t\t\t\t\n\n\t\t\t\t\t\t<\/div><\/div> \n\t\t\t\t\t\t\n\t\t\t\t\t\t\t<div class=\"col span_6  element\" data-project-cat=\"\" data-default-color=\"true\" data-title-color=\"\" data-subtitle-color=\"\">\n\n\t\t\t\t\t\t\t<div class=\"inner-wrap animated\" data-animation=\"none\">\n\n\t\t\t\t\t\t\t\n\t\t\t\t\t\t\t<div class=\"work-item style-2\">\n\n\t\t\t\t\t\t\t\t<img decoding=\"async\" class=\"skip-lazy top-level-image\" src=\"https:\/\/modenafuturacreativa.it\/wp-content\/uploads\/2021\/09\/futura-creativa2-552x400.jpg\" width=\"552\" height=\"400\" alt=\"futura-creativa2\" title=\"zukunftsweisend-sch\u00f6pferisch2\" loading=\"lazy\" \/>\n\t\t\t\t\t\t\t\t<div class=\"work-info-bg\"><\/div>\n\t\t\t\t\t\t\t\t<div class=\"work-info\">\n\n\n\t\t\t\t\t\t\t\t\t\t\t\t\t\t\t\t\t   \t\t\t <a href=\"https:\/\/modenafuturacreativa.it\/wp-content\/uploads\/2021\/09\/futura-creativa2.jpg\" class=\"pretty_photo\"><span class=\"screen-reader-text\">zukunftsweisend-sch\u00f6pferisch2<\/span><\/a>\n\t\t\t\t\t\t\t\t   \t\t\n\t\t\t\t\t\t\t\t\t\t<div class=\"vert-center\">\n\t\t\t\t\t\t\t\t\t\t\t\t\t\t\t\t\t\t\t\t\t<\/div><!--\/vert-center-->\n\n\t\t\t\t\t\t\t\t\t\n\n\t\t\t\t\t\t\t\t<\/div>\n\t\t\t\t\t\t\t<\/div><!--work-item-->\n\n\t\t\t\t\t\t\n\n\t\t\t\t\t\t<\/div><\/div> \n\t\t\t\t\t\t<\/div><\/div><\/div>\n\t\t<\/div> \n\t<\/div> \n\t\t\t<\/div> \n\t\t<\/div>\n\t<\/div> \n<\/div><\/div>","protected":false},"excerpt":{"rendered":"<p>Am Mittwoch, den 15. September, findet um 18.30 Uhr im Ducal Park das Treffen von \"Futura creativa\u00b2\" statt, um der Stadt das Projekt vorzustellen, das die Gemeinde f\u00fcr die Medienkunst in Paris nominiert hat<\/p>","protected":false},"author":1,"featured_media":288,"comment_status":"closed","ping_status":"closed","sticky":false,"template":"","format":"standard","meta":{"wpupg_custom_link":[],"wpupg_custom_link_behaviour":[],"wpupg_custom_link_nofollow":[],"wpupg_custom_image":[],"wpupg_custom_image_id":[],"footnotes":""},"categories":[475],"tags":[],"class_list":["post-253","post","type-post","status-publish","format-standard","has-post-thumbnail","category-news"],"_links":{"self":[{"href":"https:\/\/modenafuturacreativa.it\/de\/wp-json\/wp\/v2\/posts\/253","targetHints":{"allow":["GET"]}}],"collection":[{"href":"https:\/\/modenafuturacreativa.it\/de\/wp-json\/wp\/v2\/posts"}],"about":[{"href":"https:\/\/modenafuturacreativa.it\/de\/wp-json\/wp\/v2\/types\/post"}],"author":[{"embeddable":true,"href":"https:\/\/modenafuturacreativa.it\/de\/wp-json\/wp\/v2\/users\/1"}],"replies":[{"embeddable":true,"href":"https:\/\/modenafuturacreativa.it\/de\/wp-json\/wp\/v2\/comments?post=253"}],"version-history":[{"count":5,"href":"https:\/\/modenafuturacreativa.it\/de\/wp-json\/wp\/v2\/posts\/253\/revisions"}],"predecessor-version":[{"id":425,"href":"https:\/\/modenafuturacreativa.it\/de\/wp-json\/wp\/v2\/posts\/253\/revisions\/425"}],"wp:featuredmedia":[{"embeddable":true,"href":"https:\/\/modenafuturacreativa.it\/de\/wp-json\/wp\/v2\/media\/288"}],"wp:attachment":[{"href":"https:\/\/modenafuturacreativa.it\/de\/wp-json\/wp\/v2\/media?parent=253"}],"wp:term":[{"taxonomy":"category","embeddable":true,"href":"https:\/\/modenafuturacreativa.it\/de\/wp-json\/wp\/v2\/categories?post=253"},{"taxonomy":"post_tag","embeddable":true,"href":"https:\/\/modenafuturacreativa.it\/de\/wp-json\/wp\/v2\/tags?post=253"}],"curies":[{"name":"wp","href":"https:\/\/api.w.org\/{rel}","templated":true}]}}