{"id":251,"date":"2021-09-14T11:09:34","date_gmt":"2021-09-14T09:09:34","guid":{"rendered":"https:\/\/modenafutura.com\/?p=251"},"modified":"2025-03-21T14:18:27","modified_gmt":"2025-03-21T13:18:27","slug":"la-nuova-porta-multimediale-per-la-cultura-della-citta","status":"publish","type":"post","link":"https:\/\/modenafuturacreativa.it\/de\/la-nuova-porta-multimediale-per-la-cultura-della-citta\/","title":{"rendered":"DAS NEUE MULTIMEDIALE TOR ZUR KULTUR DER STADT"},"content":{"rendered":"<div id=\"fws_6a9b7698c73c4\"  data-column-margin=\"60px\" data-midnight=\"dark\"  class=\"wpb_row vc_row-fluid vc_row\"  style=\"padding-top: 0px; padding-bottom: 0px; \"><div class=\"row-bg-wrap\" data-bg-animation=\"none\" data-bg-animation-delay=\"\" data-bg-overlay=\"false\"><div class=\"inner-wrap row-bg-layer\" ><div class=\"row-bg viewport-desktop\"  style=\"\"><\/div><\/div><\/div><div class=\"row_col_wrap_12 col span_12 dark left\">\n\t<div  class=\"vc_col-sm-12 wpb_column column_container vc_column_container col no-extra-padding inherit_tablet inherit_phone\"  data-padding-pos=\"all\" data-has-bg-color=\"false\" data-bg-color=\"\" data-bg-opacity=\"1\" data-animation=\"\" data-delay=\"0\" >\n\t\t<div class=\"vc_column-inner\" >\n\t\t\t<div class=\"wpb_wrapper\">\n\t\t\t\t\n<div class=\"wpb_text_column wpb_content_element\" >\n\t<div id=\"parent-fieldname-description\">\n<div id=\"parent-fieldname-description\">\n<div id=\"parent-fieldname-description\">\n<div id=\"parent-fieldname-description\">\n<div id=\"parent-fieldname-description\">\n<div id=\"parent-fieldname-description\"><strong>Das Projekt \"Open Gate\", das im Erdgeschoss des ehemaligen Ospedale Estense mit dem Stadtmuseum und den Archiven realisiert werden soll, wurde bei der Ausschreibung des Ministeriums eingereicht<\/strong><\/div>\n<div id=\"viewlet-above-content-body\"><\/div>\n<div id=\"content-core\">\n<div id=\"parent-fieldname-text\">\n<p>Es soll ein echtes Tor zum Kultur- und Museumssystem der Stadt geschaffen werden, sowohl physisch als auch virtuell, das im Palazzo dei Musei di Modena mit den Projekten auf Sant'Agostino und der bereits begonnenen Baustelle im ehemaligen Ospedale Estense entwickelt wird. Im Erdgeschoss dieses Geb\u00e4udes, das bald auch vom Palasteingang an der Piazza Sant'Agostino aus zug\u00e4nglich sein wird, werden mehr als 2.500 Quadratmeter umgestaltet, von denen fast 1.500 f\u00fcr neue Ausstellungs-, Empfangs- und Laborr\u00e4ume genutzt werden, wobei ein multimedialer und interaktiver Bereich mit immersivem Charakter geschaffen wird, um das Erbe des Stadtmuseums, des st\u00e4dtischen historischen Archivs und der Poletti-Bibliothek aufzuwerten. Gleichzeitig werden Tausende von Werken im Museum und in den Archiven digitalisiert, um deren Erhaltung, Zugang und Aufwertung zu erleichtern.<\/p>\n<p>Dies sind die Hauptmerkmale des Projekts \"Open Gate, das neue Stadttor\", das der Stadtrat auf Vorschlag von Kulturstadtrat Andrea Bortolamasi genehmigt hat, um sich f\u00fcr die Ausschreibung des Kulturfonds des Ministeriums f\u00fcr Kultur und Tourismus zu bewerben. Das Projekt hat einen Gesamtwert von 1 Million 390 Tausend Euro und rechnet mit einer ministeriellen Finanzierung in H\u00f6he von 1 Million Euro, was den h\u00f6chstm\u00f6glichen Betrag darstellt, mit einer Kofinanzierung, die weit \u00fcber die in den Kriterien der Ausschreibung geforderten 20 Prozent hinausgeht.<\/p>\n<p>Das Projekt wurde von der Stadtverwaltung Modena (Stadtmuseum, Historisches Archiv und Historisches Bauamt) in Zusammenarbeit mit der Fakult\u00e4t f\u00fcr Architektur der Universit\u00e4t Bologna entwickelt und ist Teil der Initiativen, die den Dialog zwischen technologischen Innovationen und digitalen Werkzeugen f\u00fcr die Erhaltung, den Schutz und die Nutzung von Kultur, Kunst und Architektur f\u00f6rdern. Diese Themen beziehen sich auf die Digitalisierung als notwendiges Mittel, um zu den in der Agenda 2030 der Vereinten Nationen festgelegten Ma\u00dfnahmen f\u00fcr eine nachhaltige Entwicklung beizutragen, und erinnern ausdr\u00fccklich an die laufenden Arbeiten f\u00fcr die Kandidatur im Rahmen des Unesco-Netzwerks Creative Cities. Der Bezugsrahmen des Projekts umfasst daher neben den Kulturinstituten auch das Open Laboratory, Fem, das Projekt zur Wiederherstellung der Ex-Foundries mit dem Dast, das Datenzentrum und die Nutzung von Big Data f\u00fcr die Ausbildung.<\/p>\n<p>Die Entschlie\u00dfung nennt als weitere Ziele die Entwicklung der F\u00e4higkeit, die \u00d6ffentlichkeit durch die Nutzung digitaler Ressourcen in einer multimedialen Perspektive zu erreichen und die M\u00f6glichkeit, die Zug\u00e4nglichkeit und Nutzbarkeit von Werken und Dokumenten dank der neuen Technologien und der Interoperabilit\u00e4t von Daten zu verbessern.<\/p>\n<p>&nbsp;<\/p>\n<\/div>\n<\/div>\n<\/div>\n<\/div>\n<\/div>\n<\/div>\n<\/div>\n<\/div>\n\n\n\n\n\t\t\t<\/div> \n\t\t<\/div>\n\t<\/div> \n<\/div><\/div>","protected":false},"excerpt":{"rendered":"Das Projekt \"Open Gate\", das im Erdgeschoss des ehemaligen Estense-Krankenhauses mit dem Stadtmuseum und dem Stadtarchiv realisiert werden soll, hat sich an der Ausschreibung des Ministeriums f\u00fcr...","protected":false},"author":1,"featured_media":186,"comment_status":"closed","ping_status":"closed","sticky":false,"template":"","format":"standard","meta":{"wpupg_custom_link":[],"wpupg_custom_link_behaviour":[],"wpupg_custom_link_nofollow":[],"wpupg_custom_image":[],"wpupg_custom_image_id":[],"footnotes":""},"categories":[475],"tags":[],"class_list":["post-251","post","type-post","status-publish","format-standard","has-post-thumbnail","category-news"],"_links":{"self":[{"href":"https:\/\/modenafuturacreativa.it\/de\/wp-json\/wp\/v2\/posts\/251","targetHints":{"allow":["GET"]}}],"collection":[{"href":"https:\/\/modenafuturacreativa.it\/de\/wp-json\/wp\/v2\/posts"}],"about":[{"href":"https:\/\/modenafuturacreativa.it\/de\/wp-json\/wp\/v2\/types\/post"}],"author":[{"embeddable":true,"href":"https:\/\/modenafuturacreativa.it\/de\/wp-json\/wp\/v2\/users\/1"}],"replies":[{"embeddable":true,"href":"https:\/\/modenafuturacreativa.it\/de\/wp-json\/wp\/v2\/comments?post=251"}],"version-history":[{"count":1,"href":"https:\/\/modenafuturacreativa.it\/de\/wp-json\/wp\/v2\/posts\/251\/revisions"}],"predecessor-version":[{"id":252,"href":"https:\/\/modenafuturacreativa.it\/de\/wp-json\/wp\/v2\/posts\/251\/revisions\/252"}],"wp:featuredmedia":[{"embeddable":true,"href":"https:\/\/modenafuturacreativa.it\/de\/wp-json\/wp\/v2\/media\/186"}],"wp:attachment":[{"href":"https:\/\/modenafuturacreativa.it\/de\/wp-json\/wp\/v2\/media?parent=251"}],"wp:term":[{"taxonomy":"category","embeddable":true,"href":"https:\/\/modenafuturacreativa.it\/de\/wp-json\/wp\/v2\/categories?post=251"},{"taxonomy":"post_tag","embeddable":true,"href":"https:\/\/modenafuturacreativa.it\/de\/wp-json\/wp\/v2\/tags?post=251"}],"curies":[{"name":"wp","href":"https:\/\/api.w.org\/{rel}","templated":true}]}}