{"id":249,"date":"2021-09-14T11:08:27","date_gmt":"2021-09-14T09:08:27","guid":{"rendered":"https:\/\/modenafutura.com\/?p=249"},"modified":"2025-03-21T14:18:27","modified_gmt":"2025-03-21T13:18:27","slug":"citta-creative-unesco-modena-in-finale-a-parigi","status":"publish","type":"post","link":"https:\/\/modenafuturacreativa.it\/de\/citta-creative-unesco-modena-in-finale-a-parigi\/","title":{"rendered":"UNESCO CREATIVE CITIES, MODENA IM FINALE IN PARIS"},"content":{"rendered":"<div id=\"fws_6a9b76906b154\"  data-column-margin=\"60px\" data-midnight=\"dark\"  class=\"wpb_row vc_row-fluid vc_row\"  style=\"padding-top: 0px; padding-bottom: 0px; \"><div class=\"row-bg-wrap\" data-bg-animation=\"none\" data-bg-animation-delay=\"\" data-bg-overlay=\"false\"><div class=\"inner-wrap row-bg-layer\" ><div class=\"row-bg viewport-desktop\"  style=\"\"><\/div><\/div><\/div><div class=\"row_col_wrap_12 col span_12 dark left\">\n\t<div  class=\"vc_col-sm-12 wpb_column column_container vc_column_container col no-extra-padding inherit_tablet inherit_phone\"  data-padding-pos=\"all\" data-has-bg-color=\"false\" data-bg-color=\"\" data-bg-opacity=\"1\" data-animation=\"\" data-delay=\"0\" >\n\t\t<div class=\"vc_column-inner\" >\n\t\t\t<div class=\"wpb_wrapper\">\n\t\t\t\t\n<div class=\"wpb_text_column wpb_content_element\" >\n\t<div id=\"parent-fieldname-description\">\n<div id=\"parent-fieldname-description\">\n<div id=\"parent-fieldname-description\">\n<div id=\"parent-fieldname-description\">\n<div id=\"parent-fieldname-description\"><strong>Die nationale Kommission hat die Bewerbung der Gemeinde f\u00fcr die Medienkunst angenommen. Im Oktober fiel die Entscheidung. B\u00fcrgermeister und Bortolamasi: \"Chancen f\u00fcr die Stadt<\/strong><\/div>\n<div id=\"viewlet-above-content-body\"><\/div>\n<div id=\"content-core\">\n<div id=\"parent-fieldname-text\">\n<p>Modena wird Italien bei der Unesco in Paris in der Endauswahl f\u00fcr die Anerkennung als Unesco Creative City im Cluster Medienkunst vertreten.<\/p>\n<p>In einem Schreiben an den B\u00fcrgermeister Gian Carlo Muzzarelli vom Donnerstag, den 24. Juni, teilte die nationale Unesco-Kommission mit, dass sie die von der Stadt Modena eingereichte Kandidatur genehmigt hat. Sie betonte, dass das eingereichte Projekt \"das starke Engagement der Stadt f\u00fcr die Verwirklichung der Ziele des Netzwerks und das Vorhandensein von Entwicklungsstrategien zur St\u00e4rkung der Rolle der Kreativit\u00e4t in der sozio\u00f6konomischen Entwicklung der Stadt im Einklang mit den Zielen der nachhaltigen Entwicklung der Agenda 2030 der Vereinten Nationen\" zeige.<\/p>\n<p>\"Wir haben die erste Auswahl bestanden und k\u00f6nnen mit gro\u00dfem Stolz sagen, dass wir nun in der Endrunde sind\", so B\u00fcrgermeister Muzzarelli, der bekr\u00e4ftigt, dass \"der Beitritt zum Netzwerk der UNESCO Creative Cities eine gro\u00dfe Chance ist, an die die Stadtverwaltung von Anfang an geglaubt hat: Kultur ist ein entscheidender Sektor f\u00fcr die Wiedergeburt unserer Gemeinde nach Covid, was die Besch\u00e4ftigung, die Aufwertung von Orten und Ressourcen sowie die pers\u00f6nliche und kollektive Entwicklung der B\u00fcrger betrifft.<\/p>\n<p>Neun italienische St\u00e4dte haben ihre Kandidatur bei der Nationalen Kommission der Unesco eingereicht, die nur zwei ausw\u00e4hlen konnte. Neben Modena f\u00fcr die Medienkunst wurde Como f\u00fcr das Kunsthandwerk und die Volkskunst ausgew\u00e4hlt: Beide werden bei der Endauswahl der Unesco, die im Oktober in Paris stattfindet, um die Aufnahme in das Netzwerk konkurrieren, das derzeit aus 246 St\u00e4dten in rund achtzig L\u00e4ndern auf f\u00fcnf Kontinenten besteht. In Italien gibt es derzeit elf kreative St\u00e4dte.<\/p>\n<p>Wir sind sehr gl\u00fccklich\", sagt Kulturstadtrat Andrea Bortolamasi, \"mit einem ersten Ergebnis, das bereits eine Anerkennung der gro\u00dfartigen Arbeit ist, die im April letzten Jahres, mitten in der Sperrung, begann. Jetzt, wo wir in der Endrunde sind, wollen wir uns gut vorbereiten und unser Bestes geben, um die erste italienische Stadt im Medienkunst-Cluster zu werden. Bortolamasi betont daher, dass die Bewerbung das Ergebnis eines Netzwerkprojekts war, \"das das kulturelle Gef\u00fcge der Stadt zusammengef\u00fchrt hat. Eine gemeinsame Anstrengung, die vom Pr\u00e4sidenten der italienischen Kommission, Franco Bernab\u00e9, anerkannt und gew\u00fcrdigt wurde, als er unsere Kandidatur akzeptierte\".<\/p>\n<p>In der Mitteilung zur Genehmigung der Kandidatur wurde auch die St\u00e4rkung der internationalen Zusammenarbeit durch k\u00fcnstlerische Koproduktionen, die Digitalisierung und die Nutzung der Medien f\u00fcr eine gr\u00f6\u00dfere Verbreitung der Kunst und einen breiteren Zugang zur Kultur f\u00fcr alle sowie die Vollendung der Umwandlung stillgelegter Orte in \"Kulturfabriken\" hervorgehoben. In dem vorgelegten Aktionsplan wurden auch der innovative Einsatz immersiver Realit\u00e4tstechnologien und die Erziehung des Publikums in der Avantgarde der zeitgen\u00f6ssischen Kunst, die von Kontaminationen zwischen Kunst, Kultur und der digitalen Welt durchdrungen ist, als besonders interessant angesehen.<\/p>\n<p>Bortolamasi kommentiert: \"Sowohl die Absicht, industrielle und postindustrielle R\u00e4ume zu sanieren, indem sie in kulturelle Container umgewandelt werden, als auch die Modeneser Deklination der Medienk\u00fcnste wurden voll erfasst: eine Stadt, in der ein Schauspieler und ein Ingenieur, ein Philosoph und ein Computerprogrammierer miteinander in Dialog treten und zusammenarbeiten, um neue kulturelle Produkte ins Leben zu rufen, und in der digitale Innovationen und neue Computeranwendungen im Dienste der Kultur und des humanistischen Wissens stehen und umgekehrt. Dies hat dazu gef\u00fchrt, dass unsere Stadt zu einem fruchtbaren Boden f\u00fcr die Kultur- und Kreativwirtschaft geworden ist, wo Bildung durch neue Medien und Computersprachen vermittelt wird und die Kunst digitale und innovative Ausdrucksformen findet\", f\u00fcgt die Stadtr\u00e4tin hinzu.<\/p>\n<p>Das von der Stadt Modena vorgeschlagene und am 31. Mai an die Nationale Kommission der Unesco \u00fcbermittelte Projekt wurde im Rahmen eines Prozesses ausgearbeitet, an dem auch die Fondazione di Modena, die Fondazione Brodolini - Laboratorio Aperto, die Fmav, die Gallerie Estensi, die Unimore, die Fem, die Ert, die Fondazione Teatro Comunale, die Art-ER und die Fondazione Collegio S. Carlo als Mitglieder des F\u00f6rderausschusses beteiligt waren.<\/p>\n<p>Die Leitlinien der Kandidatur sind die Verbindung verschiedener Genres und Sprachen, mit Projekten, die sich mit der Beziehung zwischen digitalen Innovationen und Transformationen mit Musik, Tanz, figurativer und visueller Kunst und Theater befassen; urbane Transformationen der Stadt, mit der Schaffung neuer kultureller Container; und der Fokus auf digitale Kultur als n\u00fctzliches Werkzeug f\u00fcr einen gr\u00f6\u00dferen Genuss kultureller Aktivit\u00e4ten.<\/p>\n<p>Ziel des Unesco Creative Cities Network ist es, Wissen, Zusammenarbeit und Projekte zwischen St\u00e4dten zu f\u00f6rdern, die Kultur und Kreativit\u00e4t als treibende Kr\u00e4fte f\u00fcr ihre Entwicklung erkannt haben. Die Schlagworte lauten Zusammenarbeit, Austausch von Wissen und bew\u00e4hrten Verfahren, Konfrontation, Planung, Aufwertung des immateriellen Kulturerbes.<\/p>\n<\/div>\n<\/div>\n<\/div>\n<\/div>\n<\/div>\n<\/div>\n<\/div>\n\n\n\n\n\t\t\t<\/div> \n\t\t<\/div>\n\t<\/div> \n<\/div><\/div>","protected":false},"excerpt":{"rendered":"Die nationale Kommission hat die Bewerbung der Gemeinde f\u00fcr die Medienkunst angenommen. Im Oktober fiel die Entscheidung. B\u00fcrgermeister und Bortolamasi: \"Chancen f\u00fcr die Stadt\" Modena wird Italien bei der Unesco in Paris vertreten,...","protected":false},"author":1,"featured_media":43,"comment_status":"closed","ping_status":"closed","sticky":false,"template":"","format":"standard","meta":{"wpupg_custom_link":[],"wpupg_custom_link_behaviour":[],"wpupg_custom_link_nofollow":[],"wpupg_custom_image":[],"wpupg_custom_image_id":[],"footnotes":""},"categories":[475],"tags":[],"class_list":["post-249","post","type-post","status-publish","format-standard","has-post-thumbnail","category-news"],"_links":{"self":[{"href":"https:\/\/modenafuturacreativa.it\/de\/wp-json\/wp\/v2\/posts\/249","targetHints":{"allow":["GET"]}}],"collection":[{"href":"https:\/\/modenafuturacreativa.it\/de\/wp-json\/wp\/v2\/posts"}],"about":[{"href":"https:\/\/modenafuturacreativa.it\/de\/wp-json\/wp\/v2\/types\/post"}],"author":[{"embeddable":true,"href":"https:\/\/modenafuturacreativa.it\/de\/wp-json\/wp\/v2\/users\/1"}],"replies":[{"embeddable":true,"href":"https:\/\/modenafuturacreativa.it\/de\/wp-json\/wp\/v2\/comments?post=249"}],"version-history":[{"count":1,"href":"https:\/\/modenafuturacreativa.it\/de\/wp-json\/wp\/v2\/posts\/249\/revisions"}],"predecessor-version":[{"id":250,"href":"https:\/\/modenafuturacreativa.it\/de\/wp-json\/wp\/v2\/posts\/249\/revisions\/250"}],"wp:featuredmedia":[{"embeddable":true,"href":"https:\/\/modenafuturacreativa.it\/de\/wp-json\/wp\/v2\/media\/43"}],"wp:attachment":[{"href":"https:\/\/modenafuturacreativa.it\/de\/wp-json\/wp\/v2\/media?parent=249"}],"wp:term":[{"taxonomy":"category","embeddable":true,"href":"https:\/\/modenafuturacreativa.it\/de\/wp-json\/wp\/v2\/categories?post=249"},{"taxonomy":"post_tag","embeddable":true,"href":"https:\/\/modenafuturacreativa.it\/de\/wp-json\/wp\/v2\/tags?post=249"}],"curies":[{"name":"wp","href":"https:\/\/api.w.org\/{rel}","templated":true}]}}