{"id":246,"date":"2021-09-14T11:07:39","date_gmt":"2021-09-14T09:07:39","guid":{"rendered":"https:\/\/modenafutura.com\/?p=246"},"modified":"2025-03-21T14:18:27","modified_gmt":"2025-03-21T13:18:27","slug":"modena-citta-creative-unesco-inviata-la-candidatura","status":"publish","type":"post","link":"https:\/\/modenafuturacreativa.it\/de\/modena-citta-creative-unesco-inviata-la-candidatura\/","title":{"rendered":"MODENA UNESCO CREATIVE CITY, BEWERBUNG EINGEREICHT"},"content":{"rendered":"<div id=\"fws_6a9b769189d3e\"  data-column-margin=\"60px\" data-midnight=\"dark\"  class=\"wpb_row vc_row-fluid vc_row\"  style=\"padding-top: 0px; padding-bottom: 0px; \"><div class=\"row-bg-wrap\" data-bg-animation=\"none\" data-bg-animation-delay=\"\" data-bg-overlay=\"false\"><div class=\"inner-wrap row-bg-layer\" ><div class=\"row-bg viewport-desktop\"  style=\"\"><\/div><\/div><\/div><div class=\"row_col_wrap_12 col span_12 dark left\">\n\t<div  class=\"vc_col-sm-6 wpb_column column_container vc_column_container col no-extra-padding inherit_tablet inherit_phone\"  data-padding-pos=\"all\" data-has-bg-color=\"false\" data-bg-color=\"\" data-bg-opacity=\"1\" data-animation=\"\" data-delay=\"0\" >\n\t\t<div class=\"vc_column-inner\" >\n\t\t\t<div class=\"wpb_wrapper\">\n\t\t\t\t\n<div class=\"wpb_text_column wpb_content_element\" >\n\t<div id=\"parent-fieldname-description\">\n<div id=\"parent-fieldname-description\">\n<div id=\"parent-fieldname-description\">\n<div id=\"parent-fieldname-description\"><strong>Die Gemeinde hat ihren Vorschlag zur Teilnahme am Medienkunstnetz formalisiert. Bortolamasi: \"Ein Chorprojekt. Kultur und Kreativit\u00e4t im Zentrum der zuk\u00fcnftigen Stadt<\/strong><\/div>\n<div id=\"viewlet-above-content-body\"><\/div>\n<div id=\"content-core\">\n<div id=\"parent-fieldname-text\">\n<p>Die Stadt Modena hat sich offiziell um den Titel \"Unesco Creative City for Media Arts\" beworben, indem sie am heutigen Montag, den 31. Mai, dem Au\u00dfenministerium und der nationalen Unesco-Kommission das im Rahmen eines im Dezember letzten Jahres begonnenen Prozesses ausgearbeitete Projekt \u00fcbermittelt hat.<\/p>\n<p>Neue M\u00f6glichkeiten f\u00fcr unsere Gemeinschaft nach der Pandemie zu schaffen, bedeutet, stark in die Zukunft zu investieren\", kommentiert B\u00fcrgermeister Gian Carlo Muzzarelli, \"und die Kandidatur im Netzwerk der Unesco Creative Cities ist eine gro\u00dfe Investition f\u00fcr Modena. Die Kultur ist ein wesentlicher Bestandteil der Strategie f\u00fcr den Neubeginn: Nicht nur der private Sektor, sondern auch der \u00f6ffentliche Sektor spielt bei dieser Herausforderung eine wichtige Rolle, denn Kreativit\u00e4t, Talent und Kunst sind ein wesentlicher Bestandteil des Modena, das wir wollen. Und Modena ist bereit\".<\/p>\n<p>Wie Kulturstadtrat Andrea Bortolamasi betont, \"sind k\u00fcnstliche Intelligenz, digitale Geisteswissenschaften, digitale Kunst, die Digitalisierung des kulturellen Erbes der Stadt und die Entwicklung der Kultur- und Kreativwirtschaft nur einige der Wege, die in das Projekt Modena creative city for media-arts einflie\u00dfen. Viele verschiedene Aspekte f\u00fcr ein chorisches und systemisches Projekt, das alle kulturellen Akteure der Stadt, aber auch die am \"Table for Growth\" teilnehmenden Subjekte einbezieht und das sich auf die St\u00e4rkung des bestehenden Netzwerks und zuk\u00fcnftige Entwicklungen konzentriert. Kultur und Kreativit\u00e4t\", so die Stadtr\u00e4tin weiter, \"stehen im Mittelpunkt unserer Vorstellung von der Stadt der Zukunft: eine offene, f\u00fcr Kreativit\u00e4t fruchtbare Stadt, die ihre Wurzeln im produzierenden Gewerbe beibeh\u00e4lt, aber auch in die Zukunft als kreative Stadt blickt.<\/p>\n<p>Die Leitlinien der Kandidatur sind die Verbindung verschiedener Genres und Sprachen, mit Projekten, die sich mit der Beziehung zwischen digitalen Innovationen und Transformationen mit Musik, Tanz, figurativer und visueller Kunst und Theater befassen; urbane Transformationen der Stadt, mit der Schaffung neuer kultureller Container; und der Fokus auf digitale Kultur als n\u00fctzliches Werkzeug f\u00fcr einen gr\u00f6\u00dferen Genuss kultureller Aktivit\u00e4ten.<\/p>\n<p>Das Komitee, das die Bewerbung unterst\u00fctzt, besteht aus der Stadtverwaltung, der Fondazione di Modena, der Fondazione Brodolini - Laboratorio Aperto, Fmav, Gallerie Estensi, Unimore, Fem, Ert, Fondazione Teatro Comunale, Art-ER, Fondazione Collegio S. Carlo.<\/p>\n<p>Die Bewertung der nationalen Unesco-Kommission zu den in Italien vorgestellten Projekten wird in den kommenden Wochen erwartet. Dies ist der erste Schritt auf dem Weg zur internationalen Pr\u00e4sentation in Paris, sofern sie bestanden wird.<\/p>\n<p>Das Creative Cities Network ist ein Unesco-Programm, das seit 2004 aktiv ist und ein Netzwerk von 246 St\u00e4dten in 72 L\u00e4ndern auf f\u00fcnf Kontinenten umfasst. Ziel ist es, Wissen, Zusammenarbeit und Projekte zwischen St\u00e4dten zu f\u00f6rdern, die Kultur und Kreativit\u00e4t als treibende Kr\u00e4fte f\u00fcr ihre Entwicklung erkannt haben. Die Schlagworte lauten: Zusammenarbeit, Austausch von Wissen und bew\u00e4hrten Verfahren, Konfrontation, Planung, Aufwertung des immateriellen Kulturerbes.<\/p>\n<\/div>\n<\/div>\n<\/div>\n<\/div>\n<\/div>\n<\/div>\n\n\n\n\n\t\t\t<\/div> \n\t\t<\/div>\n\t<\/div> \n\n\t<div  class=\"vc_col-sm-6 wpb_column column_container vc_column_container col no-extra-padding inherit_tablet inherit_phone\"  data-padding-pos=\"all\" data-has-bg-color=\"false\" data-bg-color=\"\" data-bg-opacity=\"1\" data-animation=\"\" data-delay=\"0\" >\n\t\t<div class=\"vc_column-inner\" >\n\t\t\t<div class=\"wpb_wrapper\">\n\t\t\t\t\n<div class=\"wpb_text_column wpb_content_element\" >\n\t<h6><strong>BILDGALERIE<\/strong><\/h6>\n<\/div>\n\n\n\n\n\t<div class=\"wpb_gallery wpb_content_element clearfix\">\n\t\t<div class=\"wpb_wrapper\"><div class=\"wpb_gallery_slidesimage_grid\" data-onclick=\"link_image\" data-interval=\"5\">\n\n\t<div class=\"portfolio-wrap\">\n\n\t\t\t<span class=\"portfolio-loading\"><\/span>\n\n\t\t\t<div class=\"row portfolio-items no-masonry\" data-starting-filter=\"\" data-gutter=\"default\" data-masonry-type=\"default\" data-bypass-cropping=\"\"  data-ps=\"7\" data-loading=\"default\" data-categories-to-show=\"\" data-col-num=\"cols-2\">\n\n\n\n\t\n\t\t\t\t\t\t\t<div class=\"col span_6  element\" data-project-cat=\"\" data-default-color=\"true\" data-title-color=\"\" data-subtitle-color=\"\">\n\n\t\t\t\t\t\t\t<div class=\"inner-wrap animated\" data-animation=\"none\">\n\n\t\t\t\t\t\t\t\n\t\t\t\t\t\t\t<div class=\"work-item style-2\">\n\n\t\t\t\t\t\t\t\t<img decoding=\"async\" class=\"skip-lazy top-level-image\" src=\"https:\/\/modenafuturacreativa.it\/wp-content\/uploads\/2021\/09\/cittacreativeunesco-sindaco-bortolamasi-31mag2021-600x400.jpg\" width=\"600\" height=\"400\" alt=\"cittacreativeunesco-sindaco bortolamasi-31mag2021\" title=\"stadtkreativunesco-b\u00fcrgermeister bortolamasi-31mag2021\" loading=\"lazy\" \/>\n\t\t\t\t\t\t\t\t<div class=\"work-info-bg\"><\/div>\n\t\t\t\t\t\t\t\t<div class=\"work-info\">\n\n\n\t\t\t\t\t\t\t\t\t\t\t\t\t\t\t\t\t   \t\t\t <a href=\"https:\/\/modenafuturacreativa.it\/wp-content\/uploads\/2021\/09\/cittacreativeunesco-sindaco-bortolamasi-31mag2021.jpg\" class=\"pretty_photo\"><span class=\"screen-reader-text\">stadtkreativunesco-b\u00fcrgermeister bortolamasi-31mag2021<\/span><\/a>\n\t\t\t\t\t\t\t\t   \t\t\n\t\t\t\t\t\t\t\t\t\t<div class=\"vert-center\">\n\t\t\t\t\t\t\t\t\t\t\t\t\t\t\t\t\t\t\t\t\t<\/div><!--\/vert-center-->\n\n\t\t\t\t\t\t\t\t\t\n\n\t\t\t\t\t\t\t\t<\/div>\n\t\t\t\t\t\t\t<\/div><!--work-item-->\n\n\t\t\t\t\t\t\n\n\t\t\t\t\t\t<\/div><\/div> \n\t\t\t\t\t\t<\/div><\/div><\/div>\n\t\t<\/div> \n\t<\/div> \n\t\t\t<\/div> \n\t\t<\/div>\n\t<\/div> \n<\/div><\/div>","protected":false},"excerpt":{"rendered":"Die Gemeinde hat ihren Vorschlag zur Teilnahme am Medienkunstnetz formalisiert. Bortolamasi: \"Ein Chorprojekt. Kultur und Kreativit\u00e4t im Zentrum der zuk\u00fcnftigen Stadt\" Die Stadtverwaltung von Modena...","protected":false},"author":1,"featured_media":247,"comment_status":"closed","ping_status":"closed","sticky":false,"template":"","format":"standard","meta":{"wpupg_custom_link":[],"wpupg_custom_link_behaviour":[],"wpupg_custom_link_nofollow":[],"wpupg_custom_image":[],"wpupg_custom_image_id":[],"footnotes":""},"categories":[475],"tags":[],"class_list":["post-246","post","type-post","status-publish","format-standard","has-post-thumbnail","category-news"],"_links":{"self":[{"href":"https:\/\/modenafuturacreativa.it\/de\/wp-json\/wp\/v2\/posts\/246","targetHints":{"allow":["GET"]}}],"collection":[{"href":"https:\/\/modenafuturacreativa.it\/de\/wp-json\/wp\/v2\/posts"}],"about":[{"href":"https:\/\/modenafuturacreativa.it\/de\/wp-json\/wp\/v2\/types\/post"}],"author":[{"embeddable":true,"href":"https:\/\/modenafuturacreativa.it\/de\/wp-json\/wp\/v2\/users\/1"}],"replies":[{"embeddable":true,"href":"https:\/\/modenafuturacreativa.it\/de\/wp-json\/wp\/v2\/comments?post=246"}],"version-history":[{"count":1,"href":"https:\/\/modenafuturacreativa.it\/de\/wp-json\/wp\/v2\/posts\/246\/revisions"}],"predecessor-version":[{"id":248,"href":"https:\/\/modenafuturacreativa.it\/de\/wp-json\/wp\/v2\/posts\/246\/revisions\/248"}],"wp:featuredmedia":[{"embeddable":true,"href":"https:\/\/modenafuturacreativa.it\/de\/wp-json\/wp\/v2\/media\/247"}],"wp:attachment":[{"href":"https:\/\/modenafuturacreativa.it\/de\/wp-json\/wp\/v2\/media?parent=246"}],"wp:term":[{"taxonomy":"category","embeddable":true,"href":"https:\/\/modenafuturacreativa.it\/de\/wp-json\/wp\/v2\/categories?post=246"},{"taxonomy":"post_tag","embeddable":true,"href":"https:\/\/modenafuturacreativa.it\/de\/wp-json\/wp\/v2\/tags?post=246"}],"curies":[{"name":"wp","href":"https:\/\/api.w.org\/{rel}","templated":true}]}}