{"id":242,"date":"2021-09-14T11:05:57","date_gmt":"2021-09-14T09:05:57","guid":{"rendered":"https:\/\/modenafutura.com\/?p=242"},"modified":"2025-03-21T14:18:27","modified_gmt":"2025-03-21T13:18:27","slug":"modena-citta-creative-unesco-in-rete-verso-la-candidatura","status":"publish","type":"post","link":"https:\/\/modenafuturacreativa.it\/de\/modena-citta-creative-unesco-in-rete-verso-la-candidatura\/","title":{"rendered":"MODENA UNESCO CREATIVE CITY, NETZWERKARBEIT F\u00dcR DIE KANDIDATUR"},"content":{"rendered":"<div id=\"fws_6a9b7692ac07d\"  data-column-margin=\"60px\" data-midnight=\"dark\"  class=\"wpb_row vc_row-fluid vc_row\"  style=\"padding-top: 0px; padding-bottom: 0px; \"><div class=\"row-bg-wrap\" data-bg-animation=\"none\" data-bg-animation-delay=\"\" data-bg-overlay=\"false\"><div class=\"inner-wrap row-bg-layer\" ><div class=\"row-bg viewport-desktop\"  style=\"\"><\/div><\/div><\/div><div class=\"row_col_wrap_12 col span_12 dark left\">\n\t<div  class=\"vc_col-sm-6 wpb_column column_container vc_column_container col no-extra-padding inherit_tablet inherit_phone\"  data-padding-pos=\"all\" data-has-bg-color=\"false\" data-bg-color=\"\" data-bg-opacity=\"1\" data-animation=\"\" data-delay=\"0\" >\n\t\t<div class=\"vc_column-inner\" >\n\t\t\t<div class=\"wpb_wrapper\">\n\t\t\t\t\n<div class=\"wpb_text_column wpb_content_element\" >\n\t<div id=\"parent-fieldname-description\">\n<div id=\"parent-fieldname-description\">\n<div id=\"parent-fieldname-description\"><strong>Im Zusammenhang mit dem Offenen Laboratorium pr\u00e4sentierten Realit\u00e4ten im F\u00f6rderausschuss und neue Mitglieder wie Ammagamma und Gruppo Giovani Confindustria ihre Projekte live auf Facebook<\/strong><\/div>\n<div id=\"viewlet-above-content-body\"><\/div>\n<div id=\"content-core\">\n<div id=\"parent-fieldname-text\">\n<p>\"Die Zukunft muss weiterhin hier leben, in einer Stadt, die den Neubeginn nach dem Covid voraussieht und die Kultur in den Mittelpunkt stellt. Kultur, die, wie wir in Modena so gut wissen, Besch\u00e4ftigung und Wirtschaftswachstum bringt und die Identit\u00e4t der Gemeinschaft durch Werte, Ideale, Ideen und Projekte st\u00e4rkt\". Mit diesen Worten leitete der B\u00fcrgermeister von Modena, Gian Carlo Muzzarelli, das Online-Treffen \"Futura Creativa\" ein, das am Montag, den 19. April, live auf Facebook im sozialen Kanal \"Stadt Modena\" stattfand. Es handelte sich um ein neues Treffen zur Pr\u00e4sentation der Bewerbung Modenas als Unesco Creative City f\u00fcr den Cluster Medienkunst, an dem die Akteure der Kulturszene Modenas teilnahmen, die dem vom Stadtrat koordinierten F\u00f6rderausschuss angeh\u00f6ren, aber auch neue Privatunternehmen, die sich mit neuen Projekten in den Prozess einbringen, wie die Jugendgruppe von Confindustria Emilia und \"Ammagamma\", ein Unternehmen f\u00fcr Datenwissenschaften, das Unternehmen L\u00f6sungen f\u00fcr k\u00fcnstliche Intelligenz anbietet. Ein weiterer Schritt zur Definition des Projekts, mit dem sich Modena bewerben wird.<\/p>\n<p>\"Das Interesse und die Beteiligung privater Einrichtungen\", betont Andrea Bortolamasi, Stadtrat f\u00fcr Kultur, \"verleiht unseren Vorschl\u00e4gen Kraft und Koh\u00e4renz, die sich bald auch dem internationalen Bereich \u00f6ffnen werden. Bereits bei der Sitzung am Montag wurde gemeinsam mit anderen St\u00e4dten des Unesco Creative Cities Network auch Linz, eine \u00f6sterreichische Partnerstadt von Modena, die seit 2014 zu den Unesco Creative Cities im Cluster Medienkunst geh\u00f6rt, eingebunden. \"Die Koordinierung der Kandidatur durch den Stadtrat\", f\u00fcgt Bortolamasi hinzu, \"ist eine Arbeit, die darauf abzielt, ein Netzwerk zu kn\u00fcpfen und zu st\u00e4rken, das unser kulturelles \u00d6kosystem f\u00fcr ein Modena einbezieht, das sich als denkende und innovative Stadt pr\u00e4sentiert, die auf die Ziele der Agenda 2030 der Vereinten Nationen achtet und in der ehemalige Produktions- und Fertigungsst\u00e4tten bereits als R\u00e4ume f\u00fcr Kreativit\u00e4t neu \u00fcberdacht werden.<\/p>\n<p>Mauro Felicori, Regionalrat f\u00fcr Kultur und Landschaft, sagte bei der Er\u00f6ffnung der Veranstaltung, dass die Region Modena voll und ganz hinter dem Projekt stehe und dass sie gut daran tue, sich einer Herausforderung zu stellen, die ihr Image nicht nur im europ\u00e4ischen, sondern auch im globalen Kontext verbessern werde. Fabio Sgaragli f\u00fcr das Laboratorio Aperto Modena - Fondazione Brodolini; Vittorio Salmoni, Koordinator der italienischen Unesco Creative Cities; Donatella Solda, Direktorin von Fem Future Education Modena; Matteo Al Kalak, Direktor des DhMoRe Interdepartmental Research Centre on Digital Humanities; Martina Bagnoli, Direktorin der Gallerie Estensi; Silvia Tagliazucchi von CivicWise Italia; Lorenzo Respi, Produktionsleiter der Fondazione Modena Arti Visive; Francesca Garagnani, Kulturdirektorin des Musikzentrums 71 MusicHub in Modena; Luca Baraldi, Leiter der Corporate Identity von Ammagamma; Michele Poggipolini, Pr\u00e4sident der Gruppo Giovani Imprenditori di Confindustria Emilia; und Daniele Francesconi, Direktor von Festivalfilosofia und Leiter von Ago.<\/p>\n<p>Die Online-Sitzung bleibt f\u00fcr alle auf der Facebook-Seite der Stadt Modena verf\u00fcgbar.<\/p>\n<p>Online-Informationen unter folgendem Link\u00a0<a href=\"http:\/\/www.comune.modena.it\/cittacandidataunescomediaarts\">www.comune.modena.it\/cittacandidataunescomediaarts<\/a>.<\/p>\n<\/div>\n<\/div>\n<\/div>\n<\/div>\n<\/div>\n\n\n\n\n\t\t\t<\/div> \n\t\t<\/div>\n\t<\/div> \n\n\t<div  class=\"vc_col-sm-6 wpb_column column_container vc_column_container col no-extra-padding inherit_tablet inherit_phone\"  data-padding-pos=\"all\" data-has-bg-color=\"false\" data-bg-color=\"\" data-bg-opacity=\"1\" data-animation=\"\" data-delay=\"0\" >\n\t\t<div class=\"vc_column-inner\" >\n\t\t\t<div class=\"wpb_wrapper\">\n\t\t\t\t\n<div class=\"wpb_text_column wpb_content_element\" >\n\t<h6><strong>BILDGALERIE<\/strong><\/h6>\n<\/div>\n\n\n\n\n\t<div class=\"wpb_gallery wpb_content_element clearfix\">\n\t\t<div class=\"wpb_wrapper\"><div class=\"wpb_gallery_slidesimage_grid\" data-onclick=\"link_image\" data-interval=\"5\">\n\n\t<div class=\"portfolio-wrap\">\n\n\t\t\t<span class=\"portfolio-loading\"><\/span>\n\n\t\t\t<div class=\"row portfolio-items no-masonry\" data-starting-filter=\"\" data-gutter=\"default\" data-masonry-type=\"default\" data-bypass-cropping=\"\"  data-ps=\"7\" data-loading=\"default\" data-categories-to-show=\"\" data-col-num=\"cols-2\">\n\n\n\n\t\n\t\t\t\t\t\t\t<div class=\"col span_6  element\" data-project-cat=\"\" data-default-color=\"true\" data-title-color=\"\" data-subtitle-color=\"\">\n\n\t\t\t\t\t\t\t<div class=\"inner-wrap animated\" data-animation=\"none\">\n\n\t\t\t\t\t\t\t\n\t\t\t\t\t\t\t<div class=\"work-item style-2\">\n\n\t\t\t\t\t\t\t\t<img decoding=\"async\" class=\"skip-lazy top-level-image\" src=\"https:\/\/modenafuturacreativa.it\/wp-content\/uploads\/2021\/09\/PRESEN-2-600x400.jpg\" width=\"600\" height=\"400\" alt=\"PRESEN-2\" title=\"PRESEN-2\" loading=\"lazy\" \/>\n\t\t\t\t\t\t\t\t<div class=\"work-info-bg\"><\/div>\n\t\t\t\t\t\t\t\t<div class=\"work-info\">\n\n\n\t\t\t\t\t\t\t\t\t\t\t\t\t\t\t\t\t   \t\t\t <a href=\"https:\/\/modenafuturacreativa.it\/wp-content\/uploads\/2021\/09\/PRESEN-2.jpg\" class=\"pretty_photo\"><span class=\"screen-reader-text\">PRESEN-2<\/span><\/a>\n\t\t\t\t\t\t\t\t   \t\t\n\t\t\t\t\t\t\t\t\t\t<div class=\"vert-center\">\n\t\t\t\t\t\t\t\t\t\t\t\t\t\t\t\t\t\t\t\t\t<\/div><!--\/vert-center-->\n\n\t\t\t\t\t\t\t\t\t\n\n\t\t\t\t\t\t\t\t<\/div>\n\t\t\t\t\t\t\t<\/div><!--work-item-->\n\n\t\t\t\t\t\t\n\n\t\t\t\t\t\t<\/div><\/div> \n\t\t\t\t\t\t\n\t\t\t\t\t\t\t<div class=\"col span_6  element\" data-project-cat=\"\" data-default-color=\"true\" data-title-color=\"\" data-subtitle-color=\"\">\n\n\t\t\t\t\t\t\t<div class=\"inner-wrap animated\" data-animation=\"none\">\n\n\t\t\t\t\t\t\t\n\t\t\t\t\t\t\t<div class=\"work-item style-2\">\n\n\t\t\t\t\t\t\t\t<img decoding=\"async\" class=\"skip-lazy top-level-image\" src=\"https:\/\/modenafuturacreativa.it\/wp-content\/uploads\/2021\/09\/Presentazione-citta-creative-unesco-Respi-Borto-190421-600x400.jpg\" width=\"600\" height=\"400\" alt=\"Presentazione citta creative unesco Respi- Borto 190421\" title=\"Unesco Creative City Pr\u00e4sentation Respi- Borto 190421\" loading=\"lazy\" \/>\n\t\t\t\t\t\t\t\t<div class=\"work-info-bg\"><\/div>\n\t\t\t\t\t\t\t\t<div class=\"work-info\">\n\n\n\t\t\t\t\t\t\t\t\t\t\t\t\t\t\t\t\t   \t\t\t <a href=\"https:\/\/modenafuturacreativa.it\/wp-content\/uploads\/2021\/09\/Presentazione-citta-creative-unesco-Respi-Borto-190421.jpg\" class=\"pretty_photo\"><span class=\"screen-reader-text\">Unesco Creative City Pr\u00e4sentation Respi- Borto 190421<\/span><\/a>\n\t\t\t\t\t\t\t\t   \t\t\n\t\t\t\t\t\t\t\t\t\t<div class=\"vert-center\">\n\t\t\t\t\t\t\t\t\t\t\t\t\t\t\t\t\t\t\t\t\t<\/div><!--\/vert-center-->\n\n\t\t\t\t\t\t\t\t\t\n\n\t\t\t\t\t\t\t\t<\/div>\n\t\t\t\t\t\t\t<\/div><!--work-item-->\n\n\t\t\t\t\t\t\n\n\t\t\t\t\t\t<\/div><\/div> \n\t\t\t\t\t\t<\/div><\/div><\/div>\n\t\t<\/div> \n\t<\/div> \n\t\t\t<\/div> \n\t\t<\/div>\n\t<\/div> \n<\/div><\/div>","protected":false},"excerpt":{"rendered":"In Verbindung mit dem Offenen Laboratorium pr\u00e4sentierten die Realit\u00e4ten im F\u00f6rderausschuss und neue Mitglieder wie Ammagamma und Gruppo Giovani Confindustria ihre Projekte live auf Facebook \"Die Zukunft muss weiter...","protected":false},"author":1,"featured_media":243,"comment_status":"closed","ping_status":"closed","sticky":false,"template":"","format":"standard","meta":{"wpupg_custom_link":[],"wpupg_custom_link_behaviour":[],"wpupg_custom_link_nofollow":[],"wpupg_custom_image":[],"wpupg_custom_image_id":[],"footnotes":""},"categories":[475],"tags":[],"class_list":["post-242","post","type-post","status-publish","format-standard","has-post-thumbnail","category-news"],"_links":{"self":[{"href":"https:\/\/modenafuturacreativa.it\/de\/wp-json\/wp\/v2\/posts\/242","targetHints":{"allow":["GET"]}}],"collection":[{"href":"https:\/\/modenafuturacreativa.it\/de\/wp-json\/wp\/v2\/posts"}],"about":[{"href":"https:\/\/modenafuturacreativa.it\/de\/wp-json\/wp\/v2\/types\/post"}],"author":[{"embeddable":true,"href":"https:\/\/modenafuturacreativa.it\/de\/wp-json\/wp\/v2\/users\/1"}],"replies":[{"embeddable":true,"href":"https:\/\/modenafuturacreativa.it\/de\/wp-json\/wp\/v2\/comments?post=242"}],"version-history":[{"count":1,"href":"https:\/\/modenafuturacreativa.it\/de\/wp-json\/wp\/v2\/posts\/242\/revisions"}],"predecessor-version":[{"id":245,"href":"https:\/\/modenafuturacreativa.it\/de\/wp-json\/wp\/v2\/posts\/242\/revisions\/245"}],"wp:featuredmedia":[{"embeddable":true,"href":"https:\/\/modenafuturacreativa.it\/de\/wp-json\/wp\/v2\/media\/243"}],"wp:attachment":[{"href":"https:\/\/modenafuturacreativa.it\/de\/wp-json\/wp\/v2\/media?parent=242"}],"wp:term":[{"taxonomy":"category","embeddable":true,"href":"https:\/\/modenafuturacreativa.it\/de\/wp-json\/wp\/v2\/categories?post=242"},{"taxonomy":"post_tag","embeddable":true,"href":"https:\/\/modenafuturacreativa.it\/de\/wp-json\/wp\/v2\/tags?post=242"}],"curies":[{"name":"wp","href":"https:\/\/api.w.org\/{rel}","templated":true}]}}