{"id":240,"date":"2021-09-14T11:01:56","date_gmt":"2021-09-14T09:01:56","guid":{"rendered":"https:\/\/modenafutura.com\/?p=240"},"modified":"2025-03-21T14:18:27","modified_gmt":"2025-03-21T13:18:27","slug":"citta-creative-unesco-lunedi-incontro-online-per-tutti","status":"publish","type":"post","link":"https:\/\/modenafuturacreativa.it\/de\/citta-creative-unesco-lunedi-incontro-online-per-tutti\/","title":{"rendered":"UNESCO CREATIVE CITIES, MONTAG ONLINE-TREFFEN F\u00dcR ALLE"},"content":{"rendered":"<div id=\"fws_6a9b7691a1b63\"  data-column-margin=\"60px\" data-midnight=\"dark\"  class=\"wpb_row vc_row-fluid vc_row\"  style=\"padding-top: 0px; padding-bottom: 0px; \"><div class=\"row-bg-wrap\" data-bg-animation=\"none\" data-bg-animation-delay=\"\" data-bg-overlay=\"false\"><div class=\"inner-wrap row-bg-layer\" ><div class=\"row-bg viewport-desktop\"  style=\"\"><\/div><\/div><\/div><div class=\"row_col_wrap_12 col span_12 dark left\">\n\t<div  class=\"vc_col-sm-6 wpb_column column_container vc_column_container col no-extra-padding inherit_tablet inherit_phone\"  data-padding-pos=\"all\" data-has-bg-color=\"false\" data-bg-color=\"\" data-bg-opacity=\"1\" data-animation=\"\" data-delay=\"0\" >\n\t\t<div class=\"vc_column-inner\" >\n\t\t\t<div class=\"wpb_wrapper\">\n\t\t\t\t\n<div class=\"wpb_text_column wpb_content_element\" >\n\t<div id=\"parent-fieldname-description\">\n<div id=\"parent-fieldname-description\"><strong>Am 19. April ab 9.30 Uhr, verbunden mit dem Offenen Labor, pr\u00e4sentieren die Realit\u00e4ten in der von der Gemeinde koordinierten Bewerbungskommission und die neuen Mitglieder ihre Projekte live auf Facebook<\/strong><\/div>\n<div id=\"viewlet-above-content-body\"><\/div>\n<div id=\"content-core\">\n<div id=\"parent-fieldname-text\">\n<p>Am Montag, den 19. April um 9.30 Uhr findet auf dem Facebook-Kanal der Stadt Modena ein neues Treffen zur Pr\u00e4sentation der Bewerbung von Modena als Unesco Creative City f\u00fcr den Cluster Medienkunst statt. An dem Treffen mit dem Titel \"Futura Creativa\" nehmen die Akteure der Kulturszene Modenas teil, die dem von der Stadtverwaltung koordinierten F\u00f6rderausschuss angeh\u00f6ren, aber auch neue Privatunternehmen, die sich mit neuen Projekten in den Prozess einbringen, wie die Young Group von Confindustria Emilia und \"Ammagamma\", ein Data-Science-Unternehmen, das Unternehmen L\u00f6sungen f\u00fcr k\u00fcnstliche Intelligenz anbietet.<\/p>\n<p>Unsere Kandidatur\", betont Andrea Bortolamasi, Stadtrat f\u00fcr Kultur, \"ist als Prozess gedacht und konzentriert sich auf die St\u00e4rkung des bestehenden Netzwerks sowie auf k\u00fcnftige Entwicklungen und Umgestaltungen. Ein Netzwerk, auf das die Stadt stabil und strukturiert z\u00e4hlen kann und das sich bereits f\u00fcr neue, auch private Interessenten \u00f6ffnet\". Im Hinblick auf die europ\u00e4ische und internationale Perspektive wird der Bewerbungsprozess auch auf die Erfahrungen zur\u00fcckgreifen k\u00f6nnen, die Linz, eine \u00f6sterreichische Partnerstadt von Modena, seit 2014 im Rahmen des Unesco-Creative-Cities-Clusters im Bereich der Medienkunst gesammelt hat. Andere St\u00e4dte, die Teil des Unesco Creative Cities Network sind, werden sich als \"Auditoren\" an der Online-Initiative vom Montag beteiligen.<\/p>\n<p>Das Programm des Treffens beginnt mit institutionellen Gru\u00dfworten von Gian Carlo Muzzarelli, B\u00fcrgermeister von Modena, und Mauro Felicori, Regionalrat f\u00fcr Kultur und Landschaft, w\u00e4hrend Stadtrat Bortolamasi das Bewerbungsverfahren vorstellen wird. Anschlie\u00dfend spricht Diego Teloni vom Laboratorio Aperto in Modena \u00fcber die \"Rolle von Kooperationsr\u00e4umen f\u00fcr die Kultur- und Kreativwirtschaft\", bevor Vittorio Salmoni, Koordinator der italienischen Unesco-Kreativst\u00e4dte, zum Thema \"Die Rolle des Netzwerks der Unesco-Kreativst\u00e4dte f\u00fcr die Erholung nach der globalen Pandemie\" spricht.<\/p>\n<p>Gr\u00fcnes Licht also f\u00fcr die Vorstellung von Projekten, beginnend mit dem Bereich \"Bildung\", mit Donatella Solda, Direktorin von Fem Future Education Modena, die \u00fcber \"Medienkunst: Lernen und kollektive Intelligenz\" sprechen wird. \"Die Befreiung der Kreativit\u00e4t: die Wege der Digitalisierung\" ist hingegen das Thema, das von Matteo Al Kalak, Direktor des DhMoRe Interdepartmental Research Centre on Digital Humanities, behandelt wird. Es folgen zwei Vortr\u00e4ge zum Thema \"Digitalisierung\": Der erste, \"Die digitale Bibliothek als T\u00fcr\u00f6ffner f\u00fcr Museen: Die digitale Bibliothek von Estense und die Estenseer Galerien\", wird von Martina Bagnoli, Direktorin der Estenseer Galerien, gehalten; der zweite, \"AFOr: Aufwertung von Erinnerungen und Wissen, das immaterielle Erbe des Territoriums\", von Silvia Tagliazucchi, Pr\u00e4sidentin des Vereins CivicWise Italia. Anschlie\u00dfend geht es in das Kapitel \"Kontamination\", das den Vortrag von Lorenzo Respi, Produktionsleiter der Fondazione Modena Arti Visive, zum Thema \"Alphabetisierung und digitale Kunst\" und den von Francesca Garagnani, Kulturmanagerin des Musikzentrums 71 MusicHub in Modena, zum Thema \"71Musichub: Musik in der Medienkunst. Aktionen f\u00fcr integrierte Kreativit\u00e4t\". In der Sektion \"Das Unternehmen, das Kultur schafft\" spricht Luca Baraldi, Leiter der Corporate Identity bei Ammagamma, \u00fcber \"Manifest der sensiblen Rationalit\u00e4t: die humanistische Tiefe der k\u00fcnstlichen Intelligenz\", w\u00e4hrend Michele Poggipolini, Pr\u00e4sident der Gruppo Giovani Imprenditori di Confindustria Emilia (Gruppe junger Unternehmer der Confindustria Emilia) das Projekt \"Archive der Zukunft\" vorstellt. Die \"Schlussfolgerungen\" sind dem Vortrag \"Fabriken der digitalen Kultur\" von Daniele Francesconi, Direktor von festivalfilosofia und Leiter von Ago, anvertraut.<\/p>\n<p>Das Streaming der Initiative sowie die Facebook-Seite der Stadt Modena k\u00f6nnen auch auf den Facebook-Seiten einiger Teilnehmer live verfolgt werden: \"fondazione dimodena\".\u00a0<a href=\"http:\/\/www.facebook.com\/AGOModenaFaCultura\">-<\/a>\u00a0\"AGOModenaFaCultura\" - \"laboratorioapertomodena\" \"GGIConfindustriaEmilia\/live\".<\/p>\n<p>Online-Informationen unter folgendem Link\u00a0<a href=\"http:\/\/www.comune.modena.it\/cittacandidataunescomediaarts\">www.comune.modena.it\/cittacandidataunescomediaarts<\/a>.<\/p>\n<\/div>\n<\/div>\n<\/div>\n<\/div>\n\n\n\n\n\t\t\t<\/div> \n\t\t<\/div>\n\t<\/div> \n\n\t<div  class=\"vc_col-sm-6 wpb_column column_container vc_column_container col no-extra-padding inherit_tablet inherit_phone\"  data-padding-pos=\"all\" data-has-bg-color=\"false\" data-bg-color=\"\" data-bg-opacity=\"1\" data-animation=\"\" data-delay=\"0\" >\n\t\t<div class=\"vc_column-inner\" >\n\t\t\t<div class=\"wpb_wrapper\">\n\t\t\t\t\n<div class=\"wpb_text_column wpb_content_element\" >\n\t<h6><strong>BILDGALERIE<\/strong><\/h6>\n<\/div>\n\n\n\n\n\t<div class=\"wpb_gallery wpb_content_element clearfix\">\n\t\t<div class=\"wpb_wrapper\"><div class=\"wpb_gallery_slidesimage_grid\" data-onclick=\"link_image\" data-interval=\"5\">\n\n\t<div class=\"portfolio-wrap\">\n\n\t\t\t<span class=\"portfolio-loading\"><\/span>\n\n\t\t\t<div class=\"row portfolio-items no-masonry\" data-starting-filter=\"\" data-gutter=\"default\" data-masonry-type=\"default\" data-bypass-cropping=\"\"  data-ps=\"7\" data-loading=\"default\" data-categories-to-show=\"\" data-col-num=\"cols-2\">\n\n\n\n\t\n\t\t\t\t\t\t\t<div class=\"col span_6  element\" data-project-cat=\"\" data-default-color=\"true\" data-title-color=\"\" data-subtitle-color=\"\">\n\n\t\t\t\t\t\t\t<div class=\"inner-wrap animated\" data-animation=\"none\">\n\n\t\t\t\t\t\t\t\n\t\t\t\t\t\t\t<div class=\"work-item style-2\">\n\n\t\t\t\t\t\t\t\t<img decoding=\"async\" class=\"skip-lazy top-level-image\" src=\"https:\/\/modenafuturacreativa.it\/wp-content\/uploads\/2021\/09\/logo-finale-candidata-colori-600x400.png\" width=\"600\" height=\"400\" alt=\"logo finale candidata colori\" title=\"endg\u00fcltige Farben des Bewerberlogos\" loading=\"lazy\" \/>\n\t\t\t\t\t\t\t\t<div class=\"work-info-bg\"><\/div>\n\t\t\t\t\t\t\t\t<div class=\"work-info\">\n\n\n\t\t\t\t\t\t\t\t\t\t\t\t\t\t\t\t\t   \t\t\t <a href=\"https:\/\/modenafuturacreativa.it\/wp-content\/uploads\/2021\/09\/logo-finale-candidata-colori.png\" class=\"pretty_photo\"><span class=\"screen-reader-text\">endg\u00fcltige Farben des Bewerberlogos<\/span><\/a>\n\t\t\t\t\t\t\t\t   \t\t\n\t\t\t\t\t\t\t\t\t\t<div class=\"vert-center\">\n\t\t\t\t\t\t\t\t\t\t\t\t\t\t\t\t\t\t\t\t\t<\/div><!--\/vert-center-->\n\n\t\t\t\t\t\t\t\t\t\n\n\t\t\t\t\t\t\t\t<\/div>\n\t\t\t\t\t\t\t<\/div><!--work-item-->\n\n\t\t\t\t\t\t\n\n\t\t\t\t\t\t<\/div><\/div> \n\t\t\t\t\t\t<\/div><\/div><\/div>\n\t\t<\/div> \n\t<\/div> \n\t\t\t<\/div> \n\t\t<\/div>\n\t<\/div> \n<\/div><\/div>","protected":false},"excerpt":{"rendered":"Am 19. April ab 9.30 Uhr, verbunden mit dem Offenen Labor, pr\u00e4sentieren die Realit\u00e4ten in der von der Gemeinde koordinierten Bewerbungskommission und neue Mitglieder Projekte live auf Facebook Montag, 19. April...","protected":false},"author":1,"featured_media":230,"comment_status":"closed","ping_status":"closed","sticky":false,"template":"","format":"standard","meta":{"wpupg_custom_link":[],"wpupg_custom_link_behaviour":[],"wpupg_custom_link_nofollow":[],"wpupg_custom_image":[],"wpupg_custom_image_id":[],"footnotes":""},"categories":[475],"tags":[],"class_list":["post-240","post","type-post","status-publish","format-standard","has-post-thumbnail","category-news"],"_links":{"self":[{"href":"https:\/\/modenafuturacreativa.it\/de\/wp-json\/wp\/v2\/posts\/240","targetHints":{"allow":["GET"]}}],"collection":[{"href":"https:\/\/modenafuturacreativa.it\/de\/wp-json\/wp\/v2\/posts"}],"about":[{"href":"https:\/\/modenafuturacreativa.it\/de\/wp-json\/wp\/v2\/types\/post"}],"author":[{"embeddable":true,"href":"https:\/\/modenafuturacreativa.it\/de\/wp-json\/wp\/v2\/users\/1"}],"replies":[{"embeddable":true,"href":"https:\/\/modenafuturacreativa.it\/de\/wp-json\/wp\/v2\/comments?post=240"}],"version-history":[{"count":1,"href":"https:\/\/modenafuturacreativa.it\/de\/wp-json\/wp\/v2\/posts\/240\/revisions"}],"predecessor-version":[{"id":241,"href":"https:\/\/modenafuturacreativa.it\/de\/wp-json\/wp\/v2\/posts\/240\/revisions\/241"}],"wp:featuredmedia":[{"embeddable":true,"href":"https:\/\/modenafuturacreativa.it\/de\/wp-json\/wp\/v2\/media\/230"}],"wp:attachment":[{"href":"https:\/\/modenafuturacreativa.it\/de\/wp-json\/wp\/v2\/media?parent=240"}],"wp:term":[{"taxonomy":"category","embeddable":true,"href":"https:\/\/modenafuturacreativa.it\/de\/wp-json\/wp\/v2\/categories?post=240"},{"taxonomy":"post_tag","embeddable":true,"href":"https:\/\/modenafuturacreativa.it\/de\/wp-json\/wp\/v2\/tags?post=240"}],"curies":[{"name":"wp","href":"https:\/\/api.w.org\/{rel}","templated":true}]}}