{"id":238,"date":"2021-09-14T11:00:57","date_gmt":"2021-09-14T09:00:57","guid":{"rendered":"https:\/\/modenafutura.com\/?p=238"},"modified":"2025-03-21T14:18:27","modified_gmt":"2025-03-21T13:18:27","slug":"citta-creative-unesco-mappa-online-sul-sito-del-comune","status":"publish","type":"post","link":"https:\/\/modenafuturacreativa.it\/de\/citta-creative-unesco-mappa-online-sul-sito-del-comune\/","title":{"rendered":"UNESCO CREATIVE CITIES, ONLINE-KARTE AUF DER ST\u00c4DTISCHEN WEBSITE"},"content":{"rendered":"<div id=\"fws_6a9b7691ed1f3\"  data-column-margin=\"60px\" data-midnight=\"dark\"  class=\"wpb_row vc_row-fluid vc_row\"  style=\"padding-top: 0px; padding-bottom: 0px; \"><div class=\"row-bg-wrap\" data-bg-animation=\"none\" data-bg-animation-delay=\"\" data-bg-overlay=\"false\"><div class=\"inner-wrap row-bg-layer\" ><div class=\"row-bg viewport-desktop\"  style=\"\"><\/div><\/div><\/div><div class=\"row_col_wrap_12 col span_12 dark left\">\n\t<div  class=\"vc_col-sm-6 wpb_column column_container vc_column_container col no-extra-padding inherit_tablet inherit_phone\"  data-padding-pos=\"all\" data-has-bg-color=\"false\" data-bg-color=\"\" data-bg-opacity=\"1\" data-animation=\"\" data-delay=\"0\" >\n\t\t<div class=\"vc_column-inner\" >\n\t\t\t<div class=\"wpb_wrapper\">\n\t\t\t\t\n<div class=\"wpb_text_column wpb_content_element\" >\n\t<div id=\"parent-fieldname-description\"><strong>Ein Teil des st\u00e4dtischen Internetportals ist dem Bewerbungsprozess von Modena gewidmet, in dem auch die R\u00e4ume und Aktivit\u00e4ten der Stadt im Zusammenhang mit dem Thema \"Medienkunst\" vorgestellt werden<\/strong><\/div>\n<div id=\"viewlet-above-content-body\"><\/div>\n<div id=\"content-core\">\n<div id=\"parent-fieldname-text\">\n<p>Zehn, vierzehn und einunddrei\u00dfig. Dies sind die ersten Zahlen im Zusammenhang mit der Bewerbung von Modena als Unesco Creative City 2021 f\u00fcr die \"Medienk\u00fcnste\". Sie sind einer Online-Karte der Themen und Initiativen der Stadt entnommen, die sich auf den \"Cluster\" beziehen, f\u00fcr den sich die Stadt unter dem Motto des Dialogs zwischen den Geisteswissenschaften, den Wissenschaften und den neuen Technologien bewirbt, der durch kreative Produktionen unterbrochen wird. Die Karte, die die einzelnen Etappen der Reise dynamisch verfolgt, kann in einem neuen Bereich des st\u00e4dtischen Internetportals eingesehen werden (<a href=\"http:\/\/www.comune.modena.it\/cittacandidataunescomediaarts\">www.comune.modena.it\/cittacandidataunescomediaarts<\/a>).<\/p>\n<p>Zehn Mitglieder sind derzeit in einem Netzwerk untereinander und mit der Stadtverwaltung im F\u00f6rderausschuss vertreten, der f\u00fcr weitere Beitritte offen bleibt. Es handelt sich um Fondazione di Modena; Unimore; Gallerie Estensi - Mibact; Fondazione Brodolini; Fmav; Fem; Ert; Fondazione Teatro Comunale; Art-ER; Fondazione San Carlo.<\/p>\n<p>Auf der Karte von Modena sind 14 Orte markiert, die Initiativen vorschlagen oder beherbergen, von denen einer mehrfach ist (unabh\u00e4ngige Initiativen). Es handelt sich um die Veranstaltungsorte Ago Modena fabbriche culturali, Fem, Gallerie Estensi und Musei Civici, Ert, DhMore, Laboratorio Aperto, San Carlo, For Modena, Biblioteche comunali, Fmav - MuFi (Museo figurina), Teatro Comunale Pavarotti, 71 Music Hub - Centro Musica.<\/p>\n<p>Die 31 laufenden oder in Vorbereitung befindlichen Modeneser Projekte im Bereich der Medienkunst sind in f\u00fcnf Kategorien unterteilt, die durch unterschiedliche Farben gekennzeichnet sind: Bildung, Digitalisierung, Ausbildung, Bildende Kunst und Musik. Sie reichen von einer Reihe geplanter Festivals (Cinedanza, Dig, Viaemili@docfest, Node, Virtual-Reality-Film, Vie) bis zur digitalen Bibliothek Estense und der Datenbank Lodovico; von Ausbildungsworkshops f\u00fcr Medien und visuelle K\u00fcnste bis zur Ausbildung f\u00fcr kreative Unternehmen im audiovisuellen Bereich; von der hochrangigen Ausbildung f\u00fcr digitales B\u00fchnenbild \"Digitales Atelier\" bis zur Online-Programmierung von ErtonAir und Opera Streaming; von der Digitalisierung des Museo della Figurina bis zum hochrangigen Ausbildungskurs f\u00fcr Videokommunikation in den darstellenden K\u00fcnsten; vom st\u00e4dtischen digitalen Verlag \"Il Dondolo\" bis zu den Urban-Video-Kursen des Musikzentrums. Die spezielle Webseite enth\u00e4lt auch Neuigkeiten und Informationen \u00fcber das Bewerbungsverfahren.<\/p>\n<\/div>\n<\/div>\n<\/div>\n\n\n\n\n\t\t\t<\/div> \n\t\t<\/div>\n\t<\/div> \n\n\t<div  class=\"vc_col-sm-6 wpb_column column_container vc_column_container col no-extra-padding inherit_tablet inherit_phone\"  data-padding-pos=\"all\" data-has-bg-color=\"false\" data-bg-color=\"\" data-bg-opacity=\"1\" data-animation=\"\" data-delay=\"0\" >\n\t\t<div class=\"vc_column-inner\" >\n\t\t\t<div class=\"wpb_wrapper\">\n\t\t\t\t\n<div class=\"wpb_text_column wpb_content_element\" >\n\t<h6><strong>BILDGALERIE<\/strong><\/h6>\n<\/div>\n\n\n\n\n\t<div class=\"wpb_gallery wpb_content_element clearfix\">\n\t\t<div class=\"wpb_wrapper\"><div class=\"wpb_gallery_slidesimage_grid\" data-onclick=\"link_image\" data-interval=\"5\">\n\n\t<div class=\"portfolio-wrap\">\n\n\t\t\t<span class=\"portfolio-loading\"><\/span>\n\n\t\t\t<div class=\"row portfolio-items no-masonry\" data-starting-filter=\"\" data-gutter=\"default\" data-masonry-type=\"default\" data-bypass-cropping=\"\"  data-ps=\"7\" data-loading=\"default\" data-categories-to-show=\"\" data-col-num=\"cols-2\">\n\n\n\n\t\n\t\t\t\t\t\t\t<div class=\"col span_6  element\" data-project-cat=\"\" data-default-color=\"true\" data-title-color=\"\" data-subtitle-color=\"\">\n\n\t\t\t\t\t\t\t<div class=\"inner-wrap animated\" data-animation=\"none\">\n\n\t\t\t\t\t\t\t\n\t\t\t\t\t\t\t<div class=\"work-item style-2\">\n\n\t\t\t\t\t\t\t\t<img decoding=\"async\" class=\"skip-lazy top-level-image\" src=\"https:\/\/modenafuturacreativa.it\/wp-content\/uploads\/2021\/09\/call-media-arts-120221-600x400.jpg\" width=\"600\" height=\"400\" alt=\"call-media-arts 120221\" title=\"call-media-arts 120221\" loading=\"lazy\" \/>\n\t\t\t\t\t\t\t\t<div class=\"work-info-bg\"><\/div>\n\t\t\t\t\t\t\t\t<div class=\"work-info\">\n\n\n\t\t\t\t\t\t\t\t\t\t\t\t\t\t\t\t\t   \t\t\t <a href=\"https:\/\/modenafuturacreativa.it\/wp-content\/uploads\/2021\/09\/call-media-arts-120221.jpg\" class=\"pretty_photo\"><span class=\"screen-reader-text\">call-media-arts 120221<\/span><\/a>\n\t\t\t\t\t\t\t\t   \t\t\n\t\t\t\t\t\t\t\t\t\t<div class=\"vert-center\">\n\t\t\t\t\t\t\t\t\t\t\t\t\t\t\t\t\t\t\t\t\t<\/div><!--\/vert-center-->\n\n\t\t\t\t\t\t\t\t\t\n\n\t\t\t\t\t\t\t\t<\/div>\n\t\t\t\t\t\t\t<\/div><!--work-item-->\n\n\t\t\t\t\t\t\n\n\t\t\t\t\t\t<\/div><\/div> \n\t\t\t\t\t\t\n\t\t\t\t\t\t\t<div class=\"col span_6  element\" data-project-cat=\"\" data-default-color=\"true\" data-title-color=\"\" data-subtitle-color=\"\">\n\n\t\t\t\t\t\t\t<div class=\"inner-wrap animated\" data-animation=\"none\">\n\n\t\t\t\t\t\t\t\n\t\t\t\t\t\t\t<div class=\"work-item style-2\">\n\n\t\t\t\t\t\t\t\t<img decoding=\"async\" class=\"skip-lazy top-level-image\" src=\"https:\/\/modenafuturacreativa.it\/wp-content\/uploads\/2021\/09\/logo-finale-candidata-colori-600x400.png\" width=\"600\" height=\"400\" alt=\"logo finale candidata colori\" title=\"endg\u00fcltige Farben des Bewerberlogos\" loading=\"lazy\" \/>\n\t\t\t\t\t\t\t\t<div class=\"work-info-bg\"><\/div>\n\t\t\t\t\t\t\t\t<div class=\"work-info\">\n\n\n\t\t\t\t\t\t\t\t\t\t\t\t\t\t\t\t\t   \t\t\t <a href=\"https:\/\/modenafuturacreativa.it\/wp-content\/uploads\/2021\/09\/logo-finale-candidata-colori.png\" class=\"pretty_photo\"><span class=\"screen-reader-text\">endg\u00fcltige Farben des Bewerberlogos<\/span><\/a>\n\t\t\t\t\t\t\t\t   \t\t\n\t\t\t\t\t\t\t\t\t\t<div class=\"vert-center\">\n\t\t\t\t\t\t\t\t\t\t\t\t\t\t\t\t\t\t\t\t\t<\/div><!--\/vert-center-->\n\n\t\t\t\t\t\t\t\t\t\n\n\t\t\t\t\t\t\t\t<\/div>\n\t\t\t\t\t\t\t<\/div><!--work-item-->\n\n\t\t\t\t\t\t\n\n\t\t\t\t\t\t<\/div><\/div> \n\t\t\t\t\t\t<\/div><\/div><\/div>\n\t\t<\/div> \n\t<\/div> \n\t\t\t<\/div> \n\t\t<\/div>\n\t<\/div> \n<\/div><\/div>","protected":false},"excerpt":{"rendered":"Ein Bereich des st\u00e4dtischen Internetportals ist dem Bewerbungsprozess von Modena gewidmet, in dem auch die R\u00e4ume und Aktivit\u00e4ten der Stadt im Zusammenhang mit dem Thema \"Medienkunst\" vorgestellt werden...","protected":false},"author":1,"featured_media":231,"comment_status":"closed","ping_status":"closed","sticky":false,"template":"","format":"standard","meta":{"wpupg_custom_link":[],"wpupg_custom_link_behaviour":[],"wpupg_custom_link_nofollow":[],"wpupg_custom_image":[],"wpupg_custom_image_id":[],"footnotes":""},"categories":[475],"tags":[],"class_list":["post-238","post","type-post","status-publish","format-standard","has-post-thumbnail","category-news"],"_links":{"self":[{"href":"https:\/\/modenafuturacreativa.it\/de\/wp-json\/wp\/v2\/posts\/238","targetHints":{"allow":["GET"]}}],"collection":[{"href":"https:\/\/modenafuturacreativa.it\/de\/wp-json\/wp\/v2\/posts"}],"about":[{"href":"https:\/\/modenafuturacreativa.it\/de\/wp-json\/wp\/v2\/types\/post"}],"author":[{"embeddable":true,"href":"https:\/\/modenafuturacreativa.it\/de\/wp-json\/wp\/v2\/users\/1"}],"replies":[{"embeddable":true,"href":"https:\/\/modenafuturacreativa.it\/de\/wp-json\/wp\/v2\/comments?post=238"}],"version-history":[{"count":1,"href":"https:\/\/modenafuturacreativa.it\/de\/wp-json\/wp\/v2\/posts\/238\/revisions"}],"predecessor-version":[{"id":239,"href":"https:\/\/modenafuturacreativa.it\/de\/wp-json\/wp\/v2\/posts\/238\/revisions\/239"}],"wp:featuredmedia":[{"embeddable":true,"href":"https:\/\/modenafuturacreativa.it\/de\/wp-json\/wp\/v2\/media\/231"}],"wp:attachment":[{"href":"https:\/\/modenafuturacreativa.it\/de\/wp-json\/wp\/v2\/media?parent=238"}],"wp:term":[{"taxonomy":"category","embeddable":true,"href":"https:\/\/modenafuturacreativa.it\/de\/wp-json\/wp\/v2\/categories?post=238"},{"taxonomy":"post_tag","embeddable":true,"href":"https:\/\/modenafuturacreativa.it\/de\/wp-json\/wp\/v2\/tags?post=238"}],"curies":[{"name":"wp","href":"https:\/\/api.w.org\/{rel}","templated":true}]}}