{"id":233,"date":"2021-09-14T10:55:47","date_gmt":"2021-09-14T08:55:47","guid":{"rendered":"https:\/\/modenafutura.com\/?p=233"},"modified":"2025-03-21T14:18:27","modified_gmt":"2025-03-21T13:18:27","slug":"citta-creative-unesco-per-modena-candidatura-di-rete","status":"publish","type":"post","link":"https:\/\/modenafuturacreativa.it\/de\/citta-creative-unesco-per-modena-candidatura-di-rete\/","title":{"rendered":"UNESCO CREATIVE CITIES, F\u00dcR DIE KANDIDATUR VON MODENA ALS \"NETZWERK"},"content":{"rendered":"<div id=\"fws_6a9b769031fc4\"  data-column-margin=\"60px\" data-midnight=\"dark\"  class=\"wpb_row vc_row-fluid vc_row\"  style=\"padding-top: 0px; padding-bottom: 0px; \"><div class=\"row-bg-wrap\" data-bg-animation=\"none\" data-bg-animation-delay=\"\" data-bg-overlay=\"false\"><div class=\"inner-wrap row-bg-layer\" ><div class=\"row-bg viewport-desktop\"  style=\"\"><\/div><\/div><\/div><div class=\"row_col_wrap_12 col span_12 dark left\">\n\t<div  class=\"vc_col-sm-6 wpb_column column_container vc_column_container col no-extra-padding inherit_tablet inherit_phone\"  data-padding-pos=\"all\" data-has-bg-color=\"false\" data-bg-color=\"\" data-bg-opacity=\"1\" data-animation=\"\" data-delay=\"0\" >\n\t\t<div class=\"vc_column-inner\" >\n\t\t\t<div class=\"wpb_wrapper\">\n\t\t\t\t\n<div class=\"wpb_text_column wpb_content_element\" >\n\t<p><strong>Zehn st\u00e4dtische Kulturthemen werden von der Stadtverwaltung im F\u00f6rderausschuss koordiniert und live auf Facebook pr\u00e4sentiert. Bortolamasi: 'Kultur- und Technologiedialog in der Medienkunst'<\/strong><\/p>\n<p>\"Wir haben uns entschieden, unsere Kandidatur nicht auf die Entwicklung eines einzelnen Gro\u00dfprojekts zu konzentrieren, sondern auf die St\u00e4rkung des bestehenden Netzwerks und k\u00fcnftige Entwicklungen und Umgestaltungen\". Mit diesen Worten leitete Kulturstadtrat Andrea Bortolamasi die Online-Sitzung ein, die am heutigen Freitag, dem 12. Februar, stattfand und in der das \"F\u00f6rderkomitee\" der Bewerbung Modenas als Unesco Creative City 2021 f\u00fcr Medienkunst vorgestellt wurde. Ein Netzwerk, so definierte es der Stadtrat, auf das die Stadt stabil und strukturiert z\u00e4hlen kann. Zehn Protagonisten der Kulturszene der Stadt, die durch ihre Vertreter per Telefonkonferenz verbunden sind und ein gemeinsames Protokoll f\u00fchren, haben sich dem F\u00f6rderausschuss angeschlossen. Neben Stadtrat Bortolamasi und Vittorio Salmoni, dem nationalen Koordinator der zum Unesco-Netzwerk geh\u00f6renden italienischen Kreativst\u00e4dte, nahmen Donatella Pieri f\u00fcr die Fondazione di Modena und Diego Teloni f\u00fcr die Fondazione Brodolini - Laboratorio Aperto an der Sitzung teil, die live auf Facebook \u00fcbertragen wurde; Gino Lugli und Lorenzo Respi f\u00fcr Fmav; Maria Chiara Montecchi f\u00fcr Gallerie Estensi; Matteo Al Kalak f\u00fcr Unimore; Donatella Solda f\u00fcr Fem; Silvia Cassanelli und Chiara Pellacani f\u00fcr Ert; Aldo Sisillo f\u00fcr Fondazione Teatro Comunale; Sveva Ruggiero f\u00fcr Art-ER; Giuliano Albarani f\u00fcr Fondazione Collegio S. Carlo. Carlo; Daniele Francesconi, Direktor von Ago, nahm ebenfalls teil.<\/p>\n<p>Die Kandidatur von Modena\", betonte Bortolamasi, \"will eine Systemkandidatur der Stadt sein, auch im Hinblick auf einen post-covidischen Neubeginn mit Kultur als Wachstums- und Entwicklungsfaktor. Und eine Prozessbewerbung, denn die Transformation der Stadt ist ein fortlaufender Prozess, mit erneuerten Orten und R\u00e4umen, in denen Kultur und Technologie, humanistisches und wissenschaftliches Wissen in Dialog treten. Und die Subjekte, die sich in einem Netzwerk untereinander und mit der Stadtverwaltung dem Komitee angeschlossen haben (das noch f\u00fcr weitere Realit\u00e4ten offen ist), sind die Ausgangspunkte eines Transformationsprozesses hin zu einer denkenden und kreativen Stadt, in der verschiedene Kompetenzen miteinander in Dialog treten\".<\/p>\n<p>In seiner Rede erl\u00e4uterte Vittorio Salmoni die Gr\u00fcnde, warum und wie Modena die Kandidatur zur Unesco Creative City Media Arts anstreben kann.<\/p>\n<p>Das Creative Cities Network ist ein Unesco-Programm, das seit 2004 aktiv ist und ein Netzwerk von 246 St\u00e4dten in 72 L\u00e4ndern auf f\u00fcnf Kontinenten umfasst. Ziel ist es, Wissen, Zusammenarbeit und Projekte zwischen St\u00e4dten zu f\u00f6rdern, die Kultur und Kreativit\u00e4t als treibende Kr\u00e4fte f\u00fcr ihre Entwicklung erkannt haben. Die Schlagworte lauten: Zusammenarbeit, Austausch von Wissen und bew\u00e4hrten Verfahren, Konfrontation, Planung, Aufwertung des immateriellen Kulturerbes.<\/p>\n<p>Im Rahmen des Online-Meetings wurde das Logo vorgestellt, das die Bewerbung begleiten wird. Es wurde aus 34 Vorschl\u00e4gen ausgew\u00e4hlt, die im Rahmen eines \"Aufrufs zur Einreichung von Ideen\" eingegangen waren, der sich an junge Menschen zwischen 18 und 30 Jahren richtete. Der Prozess wird nun mit Initiativen fortgesetzt, die von den verschiedenen im Komitee vernetzten Bereichen organisiert und gef\u00f6rdert werden, die mit dem Thema Medienkunst zusammenh\u00e4ngen und f\u00fcr den Bereich relevant sind, in dem Modena Kandidat f\u00fcr die Unesco Creative City 2021 sein m\u00f6chte. Es wird eine spezielle Website eingerichtet, die Informationen \u00fcber die beteiligten Kulturtr\u00e4ger, die Aktionen und Veranstaltungen in Modena im Zusammenhang mit den Medienk\u00fcnsten bietet.<\/p>\n<\/div>\n\n\n\n\n\t\t\t<\/div> \n\t\t<\/div>\n\t<\/div> \n\n\t<div  class=\"vc_col-sm-6 wpb_column column_container vc_column_container col no-extra-padding inherit_tablet inherit_phone\"  data-padding-pos=\"all\" data-has-bg-color=\"false\" data-bg-color=\"\" data-bg-opacity=\"1\" data-animation=\"\" data-delay=\"0\" >\n\t\t<div class=\"vc_column-inner\" >\n\t\t\t<div class=\"wpb_wrapper\">\n\t\t\t\t\n<div class=\"wpb_text_column wpb_content_element\" >\n\t<h6><strong>BILDGALERIE<\/strong><\/h6>\n<\/div>\n\n\n\n\n\t<div class=\"wpb_gallery wpb_content_element clearfix\">\n\t\t<div class=\"wpb_wrapper\"><div class=\"wpb_gallery_slidesimage_grid\" data-onclick=\"link_image\" data-interval=\"5\">\n\n\t<div class=\"portfolio-wrap\">\n\n\t\t\t<span class=\"portfolio-loading\"><\/span>\n\n\t\t\t<div class=\"row portfolio-items no-masonry\" data-starting-filter=\"\" data-gutter=\"default\" data-masonry-type=\"default\" data-bypass-cropping=\"\"  data-ps=\"7\" data-loading=\"default\" data-categories-to-show=\"\" data-col-num=\"cols-2\">\n\n\n\n\t\n\t\t\t\t\t\t\t<div class=\"col span_6  element\" data-project-cat=\"\" data-default-color=\"true\" data-title-color=\"\" data-subtitle-color=\"\">\n\n\t\t\t\t\t\t\t<div class=\"inner-wrap animated\" data-animation=\"none\">\n\n\t\t\t\t\t\t\t\n\t\t\t\t\t\t\t<div class=\"work-item style-2\">\n\n\t\t\t\t\t\t\t\t<img decoding=\"async\" class=\"skip-lazy top-level-image\" src=\"https:\/\/modenafuturacreativa.it\/wp-content\/uploads\/2021\/09\/call-media-arts-120221-600x400.jpg\" width=\"600\" height=\"400\" alt=\"call-media-arts 120221\" title=\"call-media-arts 120221\" loading=\"lazy\" \/>\n\t\t\t\t\t\t\t\t<div class=\"work-info-bg\"><\/div>\n\t\t\t\t\t\t\t\t<div class=\"work-info\">\n\n\n\t\t\t\t\t\t\t\t\t\t\t\t\t\t\t\t\t   \t\t\t <a href=\"https:\/\/modenafuturacreativa.it\/wp-content\/uploads\/2021\/09\/call-media-arts-120221.jpg\" class=\"pretty_photo\"><span class=\"screen-reader-text\">call-media-arts 120221<\/span><\/a>\n\t\t\t\t\t\t\t\t   \t\t\n\t\t\t\t\t\t\t\t\t\t<div class=\"vert-center\">\n\t\t\t\t\t\t\t\t\t\t\t\t\t\t\t\t\t\t\t\t\t<\/div><!--\/vert-center-->\n\n\t\t\t\t\t\t\t\t\t\n\n\t\t\t\t\t\t\t\t<\/div>\n\t\t\t\t\t\t\t<\/div><!--work-item-->\n\n\t\t\t\t\t\t\n\n\t\t\t\t\t\t<\/div><\/div> \n\t\t\t\t\t\t\n\t\t\t\t\t\t\t<div class=\"col span_6  element\" data-project-cat=\"\" data-default-color=\"true\" data-title-color=\"\" data-subtitle-color=\"\">\n\n\t\t\t\t\t\t\t<div class=\"inner-wrap animated\" data-animation=\"none\">\n\n\t\t\t\t\t\t\t\n\t\t\t\t\t\t\t<div class=\"work-item style-2\">\n\n\t\t\t\t\t\t\t\t<img decoding=\"async\" class=\"skip-lazy top-level-image\" src=\"https:\/\/modenafuturacreativa.it\/wp-content\/uploads\/2021\/09\/logo-finale-candidata-colori-600x400.png\" width=\"600\" height=\"400\" alt=\"logo finale candidata colori\" title=\"endg\u00fcltige Farben des Bewerberlogos\" loading=\"lazy\" \/>\n\t\t\t\t\t\t\t\t<div class=\"work-info-bg\"><\/div>\n\t\t\t\t\t\t\t\t<div class=\"work-info\">\n\n\n\t\t\t\t\t\t\t\t\t\t\t\t\t\t\t\t\t   \t\t\t <a href=\"https:\/\/modenafuturacreativa.it\/wp-content\/uploads\/2021\/09\/logo-finale-candidata-colori.png\" class=\"pretty_photo\"><span class=\"screen-reader-text\">endg\u00fcltige Farben des Bewerberlogos<\/span><\/a>\n\t\t\t\t\t\t\t\t   \t\t\n\t\t\t\t\t\t\t\t\t\t<div class=\"vert-center\">\n\t\t\t\t\t\t\t\t\t\t\t\t\t\t\t\t\t\t\t\t\t<\/div><!--\/vert-center-->\n\n\t\t\t\t\t\t\t\t\t\n\n\t\t\t\t\t\t\t\t<\/div>\n\t\t\t\t\t\t\t<\/div><!--work-item-->\n\n\t\t\t\t\t\t\n\n\t\t\t\t\t\t<\/div><\/div> \n\t\t\t\t\t\t<\/div><\/div><\/div>\n\t\t<\/div> \n\t<\/div> \n\t\t\t<\/div> \n\t\t<\/div>\n\t<\/div> \n<\/div><\/div>","protected":false},"excerpt":{"rendered":"Zehn st\u00e4dtische Kulturthemen werden von der Stadtverwaltung im F\u00f6rderausschuss koordiniert und live auf Facebook pr\u00e4sentiert. Bortolamasi: \"Kultur- und Technologiedialog in der Medienkunst\" \"Wir haben uns entschieden, unsere...","protected":false},"author":1,"featured_media":234,"comment_status":"closed","ping_status":"closed","sticky":false,"template":"","format":"standard","meta":{"wpupg_custom_link":[],"wpupg_custom_link_behaviour":[],"wpupg_custom_link_nofollow":[],"wpupg_custom_image":[],"wpupg_custom_image_id":[],"footnotes":""},"categories":[475],"tags":[],"class_list":["post-233","post","type-post","status-publish","format-standard","has-post-thumbnail","category-news"],"_links":{"self":[{"href":"https:\/\/modenafuturacreativa.it\/de\/wp-json\/wp\/v2\/posts\/233","targetHints":{"allow":["GET"]}}],"collection":[{"href":"https:\/\/modenafuturacreativa.it\/de\/wp-json\/wp\/v2\/posts"}],"about":[{"href":"https:\/\/modenafuturacreativa.it\/de\/wp-json\/wp\/v2\/types\/post"}],"author":[{"embeddable":true,"href":"https:\/\/modenafuturacreativa.it\/de\/wp-json\/wp\/v2\/users\/1"}],"replies":[{"embeddable":true,"href":"https:\/\/modenafuturacreativa.it\/de\/wp-json\/wp\/v2\/comments?post=233"}],"version-history":[{"count":2,"href":"https:\/\/modenafuturacreativa.it\/de\/wp-json\/wp\/v2\/posts\/233\/revisions"}],"predecessor-version":[{"id":236,"href":"https:\/\/modenafuturacreativa.it\/de\/wp-json\/wp\/v2\/posts\/233\/revisions\/236"}],"wp:featuredmedia":[{"embeddable":true,"href":"https:\/\/modenafuturacreativa.it\/de\/wp-json\/wp\/v2\/media\/234"}],"wp:attachment":[{"href":"https:\/\/modenafuturacreativa.it\/de\/wp-json\/wp\/v2\/media?parent=233"}],"wp:term":[{"taxonomy":"category","embeddable":true,"href":"https:\/\/modenafuturacreativa.it\/de\/wp-json\/wp\/v2\/categories?post=233"},{"taxonomy":"post_tag","embeddable":true,"href":"https:\/\/modenafuturacreativa.it\/de\/wp-json\/wp\/v2\/tags?post=233"}],"curies":[{"name":"wp","href":"https:\/\/api.w.org\/{rel}","templated":true}]}}