{"id":229,"date":"2021-09-14T10:54:04","date_gmt":"2021-09-14T08:54:04","guid":{"rendered":"https:\/\/modenafutura.com\/?p=229"},"modified":"2025-03-21T14:18:27","modified_gmt":"2025-03-21T13:18:27","slug":"citta-creative-unesco-ecco-comitato-promotore-e-logo","status":"publish","type":"post","link":"https:\/\/modenafuturacreativa.it\/de\/citta-creative-unesco-ecco-comitato-promotore-e-logo\/","title":{"rendered":"UNESCO CREATIVE CITIES, F\u00d6RDERAUSSCHUSS UND LOGO"},"content":{"rendered":"<div id=\"fws_6a9b769172c02\"  data-column-margin=\"60px\" data-midnight=\"dark\"  class=\"wpb_row vc_row-fluid vc_row\"  style=\"padding-top: 0px; padding-bottom: 0px; \"><div class=\"row-bg-wrap\" data-bg-animation=\"none\" data-bg-animation-delay=\"\" data-bg-overlay=\"false\"><div class=\"inner-wrap row-bg-layer\" ><div class=\"row-bg viewport-desktop\"  style=\"\"><\/div><\/div><\/div><div class=\"row_col_wrap_12 col span_12 dark left\">\n\t<div  class=\"vc_col-sm-6 wpb_column column_container vc_column_container col no-extra-padding inherit_tablet inherit_phone\"  data-padding-pos=\"all\" data-has-bg-color=\"false\" data-bg-color=\"\" data-bg-opacity=\"1\" data-animation=\"\" data-delay=\"0\" >\n\t\t<div class=\"vc_column-inner\" >\n\t\t\t<div class=\"wpb_wrapper\">\n\t\t\t\t\n<div class=\"wpb_text_column wpb_content_element\" >\n\t<p><strong>Freitag 12 um 11 Uhr Online-Pr\u00e4sentation mit 10 Mitgliedern. Zwei ineinander verschlungene Polygone, die auf den Pl\u00e4nen des mittelalterlichen und r\u00f6mischen Stadtkerns eingezeichnet sind, um eine in der Geschichte verwurzelte Zukunft zu signalisieren<\/strong><\/p>\n<p>Ein weiterer Schritt in Richtung der Kandidatur Modenas als Unesco Creative City 2021 f\u00fcr Medienkunst. Am Freitag, den 12. Februar um 11 Uhr werden sich die Vertreter der zehn Institute, Einrichtungen und Subjekte der Modeneser Kulturszene, die in einem Netzwerk untereinander und mit der Stadtverwaltung das \"F\u00f6rderkomitee\" zur Unterst\u00fctzung der Kandidatur bilden, online vorstellen. Per Telefonkonferenz werden die Vertreter der zehn Realit\u00e4ten virtuell das Protokoll f\u00fcr die Pr\u00e4sentation der Kandidatur teilen. Die Sitzung kann live auf Facebook auf der Seite \"Stadt Modena\" verfolgt werden. Bei dieser Gelegenheit wird auch das Logo vorgestellt, das den gesamten Prozess begleiten wird und das inzwischen aus den 34 Vorschl\u00e4gen ausgew\u00e4hlt wurde, die im Rahmen des \"Aufrufs zur Einreichung von Ideen\", der sich an junge Menschen zwischen 18 und 30 Jahren richtete, eingegangen sind.<\/p>\n<p>Beim Online-Treffen am Freitag, den 12. Februar, werden neben dem Kulturstadtrat Andrea Bortolamasi und Vittorio Salmoni, dem nationalen Koordinator der italienischen Kreativst\u00e4dte, die dem Unesco-Netzwerk angeh\u00f6ren, Donatella Pieri f\u00fcr die Fondazione di Modena, Maria Chiara Montecchi f\u00fcr Gallerie Estensi - Mibact; Diego Teloni f\u00fcr die Fondazione Brodolini - Laboratorio Aperto; f\u00fcr Fmav Gino Lugli und Lorenzo Respi; f\u00fcr Unimore Matteo Al Kalak; Donatella Solda f\u00fcr Ago - Fem; Silvia Cassanelli und Chiara Pellacani f\u00fcr Ert; f\u00fcr die Fondazione Teatro Comunale Aldo Sisillo; f\u00fcr Art-ER Sveva Ruggiero; und schlie\u00dflich Giuliano Albarani f\u00fcr die Fondazione Collegio San Carlo.<\/p>\n<p>Das ausgew\u00e4hlte Logo besteht aus einem geometrischen \"Piktogramm\": zwei ineinander verschlungene Polygone, ein Sechseck und ein Rechteck. Das in Schwarz-Wei\u00df gehaltene Symbol wird in Graut\u00f6nen dargestellt. Mehrfarbig greift es die Farben des Wappens von Modena auf: Gelb und Blau. Begleitet wird es von dem Schriftzug \"Modena, Candidate 2021 Media Arts, Unesco creative cities network\" in einem sehr charakteristischen Schriftzug. Ein Logo, das in die Zukunft blickt, auf die technologischen Ver\u00e4nderungen\", kommentiert Andrea Bortolamasi, Stadtrat f\u00fcr Kultur, \"genauso wie die Herausforderung, der wir uns stellen, stark in unseren Wurzeln, in die Zukunft blickt. Die einer Stadt, die kreatives Know-how in ihrer DNA hat und immer mehr zu einem Ort werden will, an dem - mit der Kultur im Mittelpunkt - humanistisches und wissenschaftliches Wissen miteinander in Dialog treten, um die Voraussetzungen f\u00fcr eine harmonische Entwicklung zu schaffen\".<\/p>\n<p>Die Autoren des Logos, \"Poltrini &amp; Santunione\" aus Vignola, die den ersten Preis in H\u00f6he von 1.500 Euro gewonnen haben, beschreiben ihr Werk wie folgt: \"Es wurde durch die Nachzeichnung des mittelalterlichen und r\u00f6mischen Kerns von Modena, eines Sechsecks und eines Rechtecks, als repr\u00e4sentatives Piktogramm des Projekts \"Modena Candidate City of Media Arts\" erstellt, weil es gleichzeitig die Identit\u00e4t der Stadt, ihre Verbindung mit der Vergangenheit und der Zukunft sowie die Beziehung, die zwischen Technologie und Kultur hergestellt werden soll, hervorrufen kann. Die Kommission - so die Begr\u00fcndung f\u00fcr die Auswahl - hat den Vorschlag einstimmig begr\u00fc\u00dft, da er die Durchdringung von Vergangenheit, Gegenwart und Zukunftstechnologie wirksam zum Ausdruck bringt und den Zielen der Ausschreibung voll entspricht. Die Unmittelbarkeit und die kommunikative Kraft waren ausgezeichnet. Gute Koh\u00e4renz der Beweggr\u00fcnde; ausgezeichnete Pr\u00e4zision und technische Korrektheit\".<\/p>\n<p>Das Creative Cities Network ist ein Unesco-Programm, das seit 2004 aktiv ist und ein Netzwerk von 246 St\u00e4dten in 72 L\u00e4ndern auf f\u00fcnf Kontinenten umfasst. Ziel ist es, Wissen, Zusammenarbeit und Projekte zwischen St\u00e4dten zu f\u00f6rdern, die Kultur und Kreativit\u00e4t als treibende Kr\u00e4fte f\u00fcr ihre Entwicklung erkannt haben. Die Schlagworte lauten: Zusammenarbeit, Austausch von Wissen und bew\u00e4hrten Verfahren, Konfrontation, Planung, Aufwertung des immateriellen Kulturerbes.<\/p>\n<\/div>\n\n\n\n\n\t\t\t<\/div> \n\t\t<\/div>\n\t<\/div> \n\n\t<div  class=\"vc_col-sm-6 wpb_column column_container vc_column_container col no-extra-padding inherit_tablet inherit_phone\"  data-padding-pos=\"all\" data-has-bg-color=\"false\" data-bg-color=\"\" data-bg-opacity=\"1\" data-animation=\"\" data-delay=\"0\" >\n\t\t<div class=\"vc_column-inner\" >\n\t\t\t<div class=\"wpb_wrapper\">\n\t\t\t\t\n<div class=\"wpb_text_column wpb_content_element\" >\n\t<h6><strong>BILDGALERIE<\/strong><\/h6>\n<\/div>\n\n\n\n\n\t<div class=\"wpb_gallery wpb_content_element clearfix\">\n\t\t<div class=\"wpb_wrapper\"><div class=\"wpb_gallery_slidesimage_grid\" data-onclick=\"link_image\" data-interval=\"5\">\n\n\t<div class=\"portfolio-wrap\">\n\n\t\t\t<span class=\"portfolio-loading\"><\/span>\n\n\t\t\t<div class=\"row portfolio-items no-masonry\" data-starting-filter=\"\" data-gutter=\"default\" data-masonry-type=\"default\" data-bypass-cropping=\"\"  data-ps=\"7\" data-loading=\"default\" data-categories-to-show=\"\" data-col-num=\"cols-2\">\n\n\n\n\t\n\t\t\t\t\t\t\t<div class=\"col span_6  element\" data-project-cat=\"\" data-default-color=\"true\" data-title-color=\"\" data-subtitle-color=\"\">\n\n\t\t\t\t\t\t\t<div class=\"inner-wrap animated\" data-animation=\"none\">\n\n\t\t\t\t\t\t\t\n\t\t\t\t\t\t\t<div class=\"work-item style-2\">\n\n\t\t\t\t\t\t\t\t<img decoding=\"async\" class=\"skip-lazy top-level-image\" src=\"https:\/\/modenafuturacreativa.it\/wp-content\/uploads\/2021\/09\/logo-finale-candidata-colori-600x400.png\" width=\"600\" height=\"400\" alt=\"logo finale candidata colori\" title=\"endg\u00fcltige Farben des Bewerberlogos\" loading=\"lazy\" \/>\n\t\t\t\t\t\t\t\t<div class=\"work-info-bg\"><\/div>\n\t\t\t\t\t\t\t\t<div class=\"work-info\">\n\n\n\t\t\t\t\t\t\t\t\t\t\t\t\t\t\t\t\t   \t\t\t <a href=\"https:\/\/modenafuturacreativa.it\/wp-content\/uploads\/2021\/09\/logo-finale-candidata-colori.png\" class=\"pretty_photo\"><span class=\"screen-reader-text\">endg\u00fcltige Farben des Bewerberlogos<\/span><\/a>\n\t\t\t\t\t\t\t\t   \t\t\n\t\t\t\t\t\t\t\t\t\t<div class=\"vert-center\">\n\t\t\t\t\t\t\t\t\t\t\t\t\t\t\t\t\t\t\t\t\t<\/div><!--\/vert-center-->\n\n\t\t\t\t\t\t\t\t\t\n\n\t\t\t\t\t\t\t\t<\/div>\n\t\t\t\t\t\t\t<\/div><!--work-item-->\n\n\t\t\t\t\t\t\n\n\t\t\t\t\t\t<\/div><\/div> \n\t\t\t\t\t\t\n\t\t\t\t\t\t\t<div class=\"col span_6  element\" data-project-cat=\"\" data-default-color=\"true\" data-title-color=\"\" data-subtitle-color=\"\">\n\n\t\t\t\t\t\t\t<div class=\"inner-wrap animated\" data-animation=\"none\">\n\n\t\t\t\t\t\t\t\n\t\t\t\t\t\t\t<div class=\"work-item style-2\">\n\n\t\t\t\t\t\t\t\t<img decoding=\"async\" class=\"skip-lazy top-level-image\" src=\"https:\/\/modenafuturacreativa.it\/wp-content\/uploads\/2021\/09\/logo-finale-candidata-nero-600x400.png\" width=\"600\" height=\"400\" alt=\"logo finale candidata nero\" title=\"endg\u00fcltiges Kandidatenlogo schwarz\" loading=\"lazy\" \/>\n\t\t\t\t\t\t\t\t<div class=\"work-info-bg\"><\/div>\n\t\t\t\t\t\t\t\t<div class=\"work-info\">\n\n\n\t\t\t\t\t\t\t\t\t\t\t\t\t\t\t\t\t   \t\t\t <a href=\"https:\/\/modenafuturacreativa.it\/wp-content\/uploads\/2021\/09\/logo-finale-candidata-nero.png\" class=\"pretty_photo\"><span class=\"screen-reader-text\">endg\u00fcltiges Kandidatenlogo schwarz<\/span><\/a>\n\t\t\t\t\t\t\t\t   \t\t\n\t\t\t\t\t\t\t\t\t\t<div class=\"vert-center\">\n\t\t\t\t\t\t\t\t\t\t\t\t\t\t\t\t\t\t\t\t\t<\/div><!--\/vert-center-->\n\n\t\t\t\t\t\t\t\t\t\n\n\t\t\t\t\t\t\t\t<\/div>\n\t\t\t\t\t\t\t<\/div><!--work-item-->\n\n\t\t\t\t\t\t\n\n\t\t\t\t\t\t<\/div><\/div> \n\t\t\t\t\t\t<\/div><\/div><\/div>\n\t\t<\/div> \n\t<\/div> \n\t\t\t<\/div> \n\t\t<\/div>\n\t<\/div> \n<\/div><\/div>","protected":false},"excerpt":{"rendered":"Freitag 12 um 11 Uhr Online-Pr\u00e4sentation mit 10 Mitgliedern Zwei ineinander verschlungene Polygone, die auf den Pl\u00e4nen des mittelalterlichen und r\u00f6mischen Stadtkerns eingezeichnet sind, um eine in der Geschichte verwurzelte Zukunft zu...","protected":false},"author":1,"featured_media":230,"comment_status":"closed","ping_status":"closed","sticky":false,"template":"","format":"standard","meta":{"wpupg_custom_link":[],"wpupg_custom_link_behaviour":[],"wpupg_custom_link_nofollow":[],"wpupg_custom_image":[],"wpupg_custom_image_id":[],"footnotes":""},"categories":[475],"tags":[],"class_list":["post-229","post","type-post","status-publish","format-standard","has-post-thumbnail","category-news"],"_links":{"self":[{"href":"https:\/\/modenafuturacreativa.it\/de\/wp-json\/wp\/v2\/posts\/229","targetHints":{"allow":["GET"]}}],"collection":[{"href":"https:\/\/modenafuturacreativa.it\/de\/wp-json\/wp\/v2\/posts"}],"about":[{"href":"https:\/\/modenafuturacreativa.it\/de\/wp-json\/wp\/v2\/types\/post"}],"author":[{"embeddable":true,"href":"https:\/\/modenafuturacreativa.it\/de\/wp-json\/wp\/v2\/users\/1"}],"replies":[{"embeddable":true,"href":"https:\/\/modenafuturacreativa.it\/de\/wp-json\/wp\/v2\/comments?post=229"}],"version-history":[{"count":2,"href":"https:\/\/modenafuturacreativa.it\/de\/wp-json\/wp\/v2\/posts\/229\/revisions"}],"predecessor-version":[{"id":237,"href":"https:\/\/modenafuturacreativa.it\/de\/wp-json\/wp\/v2\/posts\/229\/revisions\/237"}],"wp:featuredmedia":[{"embeddable":true,"href":"https:\/\/modenafuturacreativa.it\/de\/wp-json\/wp\/v2\/media\/230"}],"wp:attachment":[{"href":"https:\/\/modenafuturacreativa.it\/de\/wp-json\/wp\/v2\/media?parent=229"}],"wp:term":[{"taxonomy":"category","embeddable":true,"href":"https:\/\/modenafuturacreativa.it\/de\/wp-json\/wp\/v2\/categories?post=229"},{"taxonomy":"post_tag","embeddable":true,"href":"https:\/\/modenafuturacreativa.it\/de\/wp-json\/wp\/v2\/tags?post=229"}],"curies":[{"name":"wp","href":"https:\/\/api.w.org\/{rel}","templated":true}]}}