{"id":225,"date":"2021-09-14T10:48:52","date_gmt":"2021-09-14T08:48:52","guid":{"rendered":"https:\/\/modenafutura.com\/?p=225"},"modified":"2025-03-21T14:18:27","modified_gmt":"2025-03-21T13:18:27","slug":"citta-creative-modena-si-e-presentata-a-unesco-italia","status":"publish","type":"post","link":"https:\/\/modenafuturacreativa.it\/de\/citta-creative-modena-si-e-presentata-a-unesco-italia\/","title":{"rendered":"KREATIVE ST\u00c4DTE, MODENA BEI DER UNESCO ITALIA EINGEREICHT"},"content":{"rendered":"<div id=\"fws_6a9b769247efa\"  data-column-margin=\"60px\" data-midnight=\"dark\"  class=\"wpb_row vc_row-fluid vc_row\"  style=\"padding-top: 0px; padding-bottom: 0px; \"><div class=\"row-bg-wrap\" data-bg-animation=\"none\" data-bg-animation-delay=\"\" data-bg-overlay=\"false\"><div class=\"inner-wrap row-bg-layer\" ><div class=\"row-bg viewport-desktop\"  style=\"\"><\/div><\/div><\/div><div class=\"row_col_wrap_12 col span_12 dark left\">\n\t<div  class=\"vc_col-sm-6 wpb_column column_container vc_column_container col no-extra-padding inherit_tablet inherit_phone\"  data-padding-pos=\"all\" data-has-bg-color=\"false\" data-bg-color=\"\" data-bg-opacity=\"1\" data-animation=\"\" data-delay=\"0\" >\n\t\t<div class=\"vc_column-inner\" >\n\t\t\t<div class=\"wpb_wrapper\">\n\t\t\t\t\n<div class=\"wpb_text_column wpb_content_element\" >\n\t<p><strong>Der Weg zur Kandidatur geht weiter. Online-Treffen zwischen B\u00fcrgermeister Muzzarelli, Stadtrat Bortolamasi, Unesco-Botschafter Riccardo und Generalsekret\u00e4r Vicenti<\/strong><\/p>\n<p>Ein neuer Schritt in der Bewerbung von Modena als Unesco Creative City 2021 f\u00fcr \"Medienkunst\". Vor einigen Tagen fand ein Online-Treffen statt, bei dem B\u00fcrgermeister Gian Carlo Muzzarelli und Kulturstadtrat Andrea Bortolamasi Massimo Riccardo, dem italienischen Unesco-Botschafter in Paris, und Enrico Vicenti, dem Generalsekret\u00e4r der Nationalen Unesco-Kommission f\u00fcr Italien, die Absicht der Stadt mitteilten, sich zu bewerben. Vittorio Salmoni, der nationale Koordinator der italienischen Kreativst\u00e4dte, die dem Unesco-Netzwerk angeh\u00f6ren, nahm ebenfalls an der Telefonkonferenz teil.<\/p>\n<p>Bei dem Treffen haben der B\u00fcrgermeister und der Stadtrat bei der Bekanntgabe ihrer Absicht, Modena zu nominieren, das Interesse der Stadt betont, sich einem Netzwerk von mehr als 200 St\u00e4dten auf der ganzen Welt anzuschlie\u00dfen, die sich auch in Bezug auf die F\u00f6rderung durch Exzellenz im kulturellen Bereich auszeichnen. Die Kandidatur von Modena als Unesco Creative City 2021 w\u00e4re die erste einer italienischen Stadt im Cluster Medienkunst, die in digitale und technologische Anwendungen f\u00fcr kulturelle Sprachen investiert.<\/p>\n<p>Das Creative Cities Network ist ein Unesco-Programm, das seit 2004 aktiv ist und ein Netzwerk von 246 St\u00e4dten in 72 L\u00e4ndern auf f\u00fcnf Kontinenten umfasst. Ziel ist es, Wissen, Zusammenarbeit und Projekte zwischen St\u00e4dten zu f\u00f6rdern, die Kultur und Kreativit\u00e4t als treibende Kr\u00e4fte f\u00fcr ihre Entwicklung erkannt haben. Die Schlagworte lauten Zusammenarbeit, Austausch von Wissen und bew\u00e4hrten Verfahren, Konfrontation, Planung, Aufwertung des immateriellen Kulturerbes. Durch das Netzwerk k\u00f6nnen die St\u00e4dte in sieben Bereichen nach kulturellen Sektoren - Musik, Literatur, Kunsthandwerk und Volkskunst und Traditionen, Design, Medienkunst, Gastronomie, Kino - ihre Erfahrungen und F\u00e4higkeiten auf nationalen und internationalen M\u00e4rkten verbessern.<\/p>\n<p>Der Prozess der Kandidatur wird nun mit der Wahl des \"Logos\" fortgesetzt, das die Kandidatur begleiten wird, und mit der Weitergabe des Protokolls, mit dem das \"F\u00f6rderkomitee\", das die Kandidatur unterst\u00fctzen wird, gebildet wird, das sich aus Vertretern von Instituten, Organisationen und Subjekten der Modeneser Kulturszene zusammensetzt, die untereinander und mit der Stadtverwaltung vernetzt sind.<\/p>\n<\/div>\n\n\n\n\n\t\t\t<\/div> \n\t\t<\/div>\n\t<\/div> \n\n\t<div  class=\"vc_col-sm-6 wpb_column column_container vc_column_container col no-extra-padding inherit_tablet inherit_phone\"  data-padding-pos=\"all\" data-has-bg-color=\"false\" data-bg-color=\"\" data-bg-opacity=\"1\" data-animation=\"\" data-delay=\"0\" >\n\t\t<div class=\"vc_column-inner\" >\n\t\t\t<div class=\"wpb_wrapper\">\n\t\t\t\t<div class=\"img-with-aniamtion-wrap\" data-max-width=\"100%\" data-max-width-mobile=\"default\" data-shadow=\"none\" data-animation=\"fade-in\" >\n      <div class=\"inner\">\n        <div class=\"hover-wrap\"> \n          <div class=\"hover-wrap-inner\">\n            <a href=\"https:\/\/modenafuturacreativa.it\/wp-content\/uploads\/2021\/09\/2K6A4021.jpg\" class=\"pp\" title=\"Gian Carlo Muzzarelli, B\u00fcrgermeister von Modena, in einer Telefonkonferenz mit Massimo Riccardo, italienischer Unesco-Botschafter in Paris\">\n              <img loading=\"lazy\" decoding=\"async\" class=\"img-with-animation skip-lazy\" data-delay=\"0\" height=\"960\" width=\"1440\" data-animation=\"fade-in\" src=\"https:\/\/modenafuturacreativa.it\/wp-content\/uploads\/2021\/09\/2K6A4021.jpg\" alt=\"\" srcset=\"https:\/\/modenafuturacreativa.it\/wp-content\/uploads\/2021\/09\/2K6A4021.jpg 1440w, https:\/\/modenafuturacreativa.it\/wp-content\/uploads\/2021\/09\/2K6A4021-300x200.jpg 300w, https:\/\/modenafuturacreativa.it\/wp-content\/uploads\/2021\/09\/2K6A4021-1024x683.jpg 1024w, https:\/\/modenafuturacreativa.it\/wp-content\/uploads\/2021\/09\/2K6A4021-768x512.jpg 768w, https:\/\/modenafuturacreativa.it\/wp-content\/uploads\/2021\/09\/2K6A4021-900x600.jpg 900w\" sizes=\"auto, (max-width: 1440px) 100vw, 1440px\" \/>\n            <\/a>\n          <\/div>\n        <\/div>\n         \n      <\/div>\n      <\/div>\n<div class=\"wpb_text_column wpb_content_element\" >\n\t<p><em>Gian Carlo Muzzarelli, B\u00fcrgermeister von Modena, in einer Telefonkonferenz mit Massimo Riccardo, italienischer Unesco-Botschafter in Paris<\/em><\/p>\n<\/div>\n\n\n\n\n\t\t\t<\/div> \n\t\t<\/div>\n\t<\/div> \n<\/div><\/div>","protected":false},"excerpt":{"rendered":"Der Weg zur Kandidatur geht weiter. Online-Treffen zwischen B\u00fcrgermeister Muzzarelli, Stadtrat Bortolamasi, Unesco-Botschafter Riccardo und Generalsekret\u00e4r Vicenti Ein neuer Schritt auf dem Weg, den Modena...","protected":false},"author":1,"featured_media":226,"comment_status":"closed","ping_status":"closed","sticky":false,"template":"","format":"standard","meta":{"wpupg_custom_link":[],"wpupg_custom_link_behaviour":[],"wpupg_custom_link_nofollow":[],"wpupg_custom_image":[],"wpupg_custom_image_id":[],"footnotes":""},"categories":[475],"tags":[],"class_list":["post-225","post","type-post","status-publish","format-standard","has-post-thumbnail","category-news"],"_links":{"self":[{"href":"https:\/\/modenafuturacreativa.it\/de\/wp-json\/wp\/v2\/posts\/225","targetHints":{"allow":["GET"]}}],"collection":[{"href":"https:\/\/modenafuturacreativa.it\/de\/wp-json\/wp\/v2\/posts"}],"about":[{"href":"https:\/\/modenafuturacreativa.it\/de\/wp-json\/wp\/v2\/types\/post"}],"author":[{"embeddable":true,"href":"https:\/\/modenafuturacreativa.it\/de\/wp-json\/wp\/v2\/users\/1"}],"replies":[{"embeddable":true,"href":"https:\/\/modenafuturacreativa.it\/de\/wp-json\/wp\/v2\/comments?post=225"}],"version-history":[{"count":2,"href":"https:\/\/modenafuturacreativa.it\/de\/wp-json\/wp\/v2\/posts\/225\/revisions"}],"predecessor-version":[{"id":228,"href":"https:\/\/modenafuturacreativa.it\/de\/wp-json\/wp\/v2\/posts\/225\/revisions\/228"}],"wp:featuredmedia":[{"embeddable":true,"href":"https:\/\/modenafuturacreativa.it\/de\/wp-json\/wp\/v2\/media\/226"}],"wp:attachment":[{"href":"https:\/\/modenafuturacreativa.it\/de\/wp-json\/wp\/v2\/media?parent=225"}],"wp:term":[{"taxonomy":"category","embeddable":true,"href":"https:\/\/modenafuturacreativa.it\/de\/wp-json\/wp\/v2\/categories?post=225"},{"taxonomy":"post_tag","embeddable":true,"href":"https:\/\/modenafuturacreativa.it\/de\/wp-json\/wp\/v2\/tags?post=225"}],"curies":[{"name":"wp","href":"https:\/\/api.w.org\/{rel}","templated":true}]}}