{"id":223,"date":"2021-09-14T10:44:35","date_gmt":"2021-09-14T08:44:35","guid":{"rendered":"https:\/\/modenafutura.com\/?p=223"},"modified":"2025-03-21T14:18:27","modified_gmt":"2025-03-21T13:18:27","slug":"un-logo-per-modena-citta-creativa-unesco-media-arts-2021","status":"publish","type":"post","link":"https:\/\/modenafuturacreativa.it\/de\/un-logo-per-modena-citta-creativa-unesco-media-arts-2021\/","title":{"rendered":"EIN LOGO F\u00dcR MODENA CREATIVE CITY UNESCO MEDIA ARTS 2021"},"content":{"rendered":"<div id=\"fws_6a9b7691cf836\"  data-column-margin=\"60px\" data-midnight=\"dark\"  class=\"wpb_row vc_row-fluid vc_row\"  style=\"padding-top: 0px; padding-bottom: 0px; \"><div class=\"row-bg-wrap\" data-bg-animation=\"none\" data-bg-animation-delay=\"\" data-bg-overlay=\"false\"><div class=\"inner-wrap row-bg-layer\" ><div class=\"row-bg viewport-desktop\"  style=\"\"><\/div><\/div><\/div><div class=\"row_col_wrap_12 col span_12 dark left\">\n\t<div  class=\"vc_col-sm-6 wpb_column column_container vc_column_container col no-extra-padding inherit_tablet inherit_phone\"  data-padding-pos=\"all\" data-has-bg-color=\"false\" data-bg-color=\"\" data-bg-opacity=\"1\" data-animation=\"\" data-delay=\"0\" >\n\t\t<div class=\"vc_column-inner\" >\n\t\t\t<div class=\"wpb_wrapper\">\n\t\t\t\t\n<div class=\"wpb_text_column wpb_content_element\" >\n\t<p><strong>Aufruf zur Einreichung von Ideen\" f\u00fcr junge Menschen zwischen 18 und 30 Jahren auf der Website ver\u00f6ffentlicht. Einsendeschluss 15. Januar <\/strong><\/p>\n<p>Die Stadtverwaltung von Modena hat auf ihrer Website einen \"Aufruf zur Einreichung von Ideen\" ver\u00f6ffentlicht, um ein Markenlogo zu finden, das die \"Modena Unesco Creative City 2021\" im Cluster Medienkunst w\u00e4hrend des Bewerbungsverfahrens kennzeichnen wird. Die Initiative soll jungen Menschen neue M\u00f6glichkeiten zur aktiven Teilnahme und Einbindung in das kulturelle Leben der Region bieten. Die Teilnehmer, einzeln oder in Gruppen von maximal vier Personen, m\u00fcssen zwischen 18 und 30 Jahre alt sein. Ziel der Ausschreibung ist es, eine Marke zu finden, die in der Lage ist, die Bewerbung mit einem grafischen Element, das ihre Leitwerte zusammenfasst, stark und koh\u00e4rent zu kommunizieren. Die gew\u00e4hlte Marke wird von der Gemeinde und den Projektpartnern bei der Bewerbung verwendet. Wenn Modena den Zuschlag erh\u00e4lt, wird es durch das Unesco-Symbol erg\u00e4nzt und in dieser zweiten Version in den folgenden vier Jahren verwendet, bis die Stadt ihre Position im Bereich der Medienkunst behauptet hat. Der Aufruf zur Einreichung von Bewerbungen mit Informationen, Verfahren und Bewerbungsformularen ist auf der st\u00e4dtischen Website (www.comune.modena.it und www.comune.modena.it\/cultura) zu finden. F\u00fcr weitere Informationen k\u00f6nnen Sie sich per E-Mail an das Kulturb\u00fcro (settore.cultura@comune.modena.it) wenden und dabei den Betreff Ihrer Bewerbung und Ihre Telefonnummer angeben, unter der Sie zur\u00fcckgerufen werden. Einsendeschluss ist der 15. Januar 2021. Ein Preis in H\u00f6he von eintausendf\u00fcnfhundert Euro geht an den Vorschlag, der von einem Ausschuss ausgew\u00e4hlt wird. Der zweite und dritte Platz wird mit 800 bzw. 500 Euro pr\u00e4miert. Das Logo muss originell sein, f\u00fcr die Medienkunst charakteristisch sein und keinen Bezug zum Unesco-Weltkulturerbe Piazza Grande mit dem Dom und Ghirlandina haben; es muss einen hohen Wiedererkennungswert haben und in jeder Dimension vielseitig einsetzbar sein, ohne an Wirksamkeit und Lesbarkeit zu verlieren; es muss auch in Schwarz-Wei\u00df verwendet werden k\u00f6nnen, wenn es in Farbe verwendet werden soll, und sich leicht neben dem Unesco-Logo sowie dem Wappen der Gemeinde Modena oder anderer Partner platzieren lassen; es muss in italienischer und englischer Sprache vorliegen. Der Vorschlag muss f\u00fcr verschiedene Kommunikationsmedien geeignet sein: Webportal, soziale Medien, Plakate, audiovisuelle und multimediale Medien, Merchandising. Die vorgeschlagene kreative Idee muss von einer Begr\u00fcndung und einem Benutzerhandbuch begleitet werden. Die Kommission wird die Vorschl\u00e4ge nach ihrer \u00dcbereinstimmung mit der Identit\u00e4t und den Zielen des Projekts Modena Creative City Unesco 2021 Media Arts, der Unmittelbarkeit und der kommunikativen Kraft, der \u00dcbereinstimmung der Motivationen mit dem Vorschlag, der Genauigkeit und der technischen Korrektheit bewerten. Die Bewerbung von Modena als Unesco Creative City 2021 ist die erste einer italienischen Stadt im Cluster Media Arts\", im Zeichen einer Realit\u00e4t, die in digitale und auf kulturelle Sprachen angewandte Technologien investiert, in einer Stadt, die auch aufgrund ihrer gro\u00dfen st\u00e4dtischen Ver\u00e4nderungen die Kultur als grundlegendes Thema erkannt hat. Das Creative Cities Network ist ein Unesco-Programm, das seit 2004 aktiv ist und ein Netzwerk von \u00fcber 200 St\u00e4dten aus 72 L\u00e4ndern auf f\u00fcnf Kontinenten umfasst. Ziel des Netzwerks ist es, Wissen, Zusammenarbeit und Projekte zwischen St\u00e4dten zu f\u00f6rdern, die Kultur und Kreativit\u00e4t als treibende Kraft f\u00fcr ihre Entwicklung erkannt haben. Die Schlagworte lauten: Zusammenarbeit, Austausch von Wissen und bew\u00e4hrten Verfahren, Konfrontation, Planung, Aufwertung des immateriellen Kulturerbes. Durch das Netzwerk k\u00f6nnen die St\u00e4dte in sieben Bereichen, die ebenso vielen kulturellen Sektoren entsprechen - Musik, Literatur, Handwerk und Volkskunst und Traditionen, Design, Medienkunst, Gastronomie, Kino - ihre Erfahrungen und F\u00e4higkeiten auf nationalen und internationalen M\u00e4rkten verbessern.<\/p>\n<\/div>\n\n\n\n\n\t\t\t<\/div> \n\t\t<\/div>\n\t<\/div> \n\n\t<div  class=\"vc_col-sm-6 wpb_column column_container vc_column_container col no-extra-padding inherit_tablet inherit_phone\"  data-padding-pos=\"all\" data-has-bg-color=\"false\" data-bg-color=\"\" data-bg-opacity=\"1\" data-animation=\"\" data-delay=\"0\" >\n\t\t<div class=\"vc_column-inner\" >\n\t\t\t<div class=\"wpb_wrapper\">\n\t\t\t\t<div class=\"img-with-aniamtion-wrap\" data-max-width=\"100%\" data-max-width-mobile=\"default\" data-shadow=\"none\" data-animation=\"fade-in\" >\n      <div class=\"inner\">\n        <div class=\"hover-wrap\"> \n          <div class=\"hover-wrap-inner\">\n            <img loading=\"lazy\" decoding=\"async\" class=\"img-with-animation skip-lazy\" data-delay=\"0\" height=\"100\" width=\"100\" data-animation=\"fade-in\" src=\"https:\/\/modenafuturacreativa.it\/wp-content\/uploads\/2021\/09\/modena-futura-creativa-logo.svg\" alt=\"\"  \/>\n          <\/div>\n        <\/div>\n        \n      <\/div>\n    <\/div>\n\t\t\t<\/div> \n\t\t<\/div>\n\t<\/div> \n<\/div><\/div>","protected":false},"excerpt":{"rendered":"Auf der Website wird ein \"Aufruf zur Einreichung von Ideen\" ver\u00f6ffentlicht, der sich an junge Menschen zwischen 18 und 30 Jahren richtet. Einsendeschluss 15. Januar Die Stadtverwaltung von Modena hat auf ihrer Website den \"Aufruf zur...","protected":false},"author":1,"featured_media":8,"comment_status":"closed","ping_status":"closed","sticky":false,"template":"","format":"standard","meta":{"wpupg_custom_link":[],"wpupg_custom_link_behaviour":[],"wpupg_custom_link_nofollow":[],"wpupg_custom_image":[],"wpupg_custom_image_id":[],"footnotes":""},"categories":[475],"tags":[],"class_list":["post-223","post","type-post","status-publish","format-standard","has-post-thumbnail","category-news"],"_links":{"self":[{"href":"https:\/\/modenafuturacreativa.it\/de\/wp-json\/wp\/v2\/posts\/223","targetHints":{"allow":["GET"]}}],"collection":[{"href":"https:\/\/modenafuturacreativa.it\/de\/wp-json\/wp\/v2\/posts"}],"about":[{"href":"https:\/\/modenafuturacreativa.it\/de\/wp-json\/wp\/v2\/types\/post"}],"author":[{"embeddable":true,"href":"https:\/\/modenafuturacreativa.it\/de\/wp-json\/wp\/v2\/users\/1"}],"replies":[{"embeddable":true,"href":"https:\/\/modenafuturacreativa.it\/de\/wp-json\/wp\/v2\/comments?post=223"}],"version-history":[{"count":1,"href":"https:\/\/modenafuturacreativa.it\/de\/wp-json\/wp\/v2\/posts\/223\/revisions"}],"predecessor-version":[{"id":224,"href":"https:\/\/modenafuturacreativa.it\/de\/wp-json\/wp\/v2\/posts\/223\/revisions\/224"}],"wp:featuredmedia":[{"embeddable":true,"href":"https:\/\/modenafuturacreativa.it\/de\/wp-json\/wp\/v2\/media\/8"}],"wp:attachment":[{"href":"https:\/\/modenafuturacreativa.it\/de\/wp-json\/wp\/v2\/media?parent=223"}],"wp:term":[{"taxonomy":"category","embeddable":true,"href":"https:\/\/modenafuturacreativa.it\/de\/wp-json\/wp\/v2\/categories?post=223"},{"taxonomy":"post_tag","embeddable":true,"href":"https:\/\/modenafuturacreativa.it\/de\/wp-json\/wp\/v2\/tags?post=223"}],"curies":[{"name":"wp","href":"https:\/\/api.w.org\/{rel}","templated":true}]}}