{"id":2198,"date":"2023-05-23T15:53:28","date_gmt":"2023-05-23T13:53:28","guid":{"rendered":"https:\/\/modenafuturacreativa.it\/?p=2198"},"modified":"2025-03-21T14:18:26","modified_gmt":"2025-03-21T13:18:26","slug":"la-casa-editrice-il-dondolo-al-salone-del-libro-di-torino","status":"publish","type":"post","link":"https:\/\/modenafuturacreativa.it\/de\/la-casa-editrice-il-dondolo-al-salone-del-libro-di-torino\/","title":{"rendered":"Der Verlag \"Il Dondolo\" auf der Turiner Buchmesse"},"content":{"rendered":"<div id=\"fws_6a9b76926c81f\"  data-column-margin=\"60px\" data-midnight=\"dark\"  class=\"wpb_row vc_row-fluid vc_row\"  style=\"padding-top: 0px; padding-bottom: 0px; \"><div class=\"row-bg-wrap\" data-bg-animation=\"none\" data-bg-animation-delay=\"\" data-bg-overlay=\"false\"><div class=\"inner-wrap row-bg-layer\" ><div class=\"row-bg viewport-desktop\"  style=\"\"><\/div><\/div><\/div><div class=\"row_col_wrap_12 col span_12 dark left\">\n\t<div  class=\"vc_col-sm-12 wpb_column column_container vc_column_container col no-extra-padding inherit_tablet inherit_phone\"  data-padding-pos=\"all\" data-has-bg-color=\"false\" data-bg-color=\"\" data-bg-opacity=\"1\" data-animation=\"\" data-delay=\"0\" >\n\t\t<div class=\"vc_column-inner\" >\n\t\t\t<div class=\"wpb_wrapper\">\n\t\t\t\t<div class=\"divider-wrap\" data-alignment=\"default\"><div style=\"height: 5vh;\" class=\"divider\"><\/div><\/div><div id=\"fws_6a9b76926cea7\" data-midnight=\"\" data-column-margin=\"default\" class=\"wpb_row vc_row-fluid vc_row inner_row\"  style=\"\"><div class=\"row-bg-wrap\"> <div class=\"row-bg\" ><\/div> <\/div><div class=\"row_col_wrap_12_inner col span_12  left\">\n\t<div  class=\"vc_col-sm-12 wpb_column column_container vc_column_container col child_column no-extra-padding inherit_tablet inherit_phone\"   data-padding-pos=\"all\" data-has-bg-color=\"false\" data-bg-color=\"\" data-bg-opacity=\"1\" data-animation=\"\" data-delay=\"0\" >\n\t\t<div class=\"vc_column-inner\" >\n\t\t<div class=\"wpb_wrapper\">\n\t\t\t\n<div class=\"wpb_text_column wpb_content_element\" >\n\t<h3 id=\"parent-fieldname-description\" class=\"documentDescription\"><strong>Am Freitag, den 19. Mai, um 12.30 Uhr, Vorstellung der Aktivit\u00e4ten und Neuerscheinungen. Thematische Plakatkampagne \u00fcber Delphine, Modena, Sognalib(e)ro und Kunstb\u00fccher<\/strong><\/h3>\n<div id=\"viewlet-above-content-body\"><\/div>\n<div><\/div>\n<div id=\"content-core\">\n<div id=\"parent-fieldname-text\" class=\"plain\">\n<p>Il Dondolo, der digitale Verlag der Gemeinde Modena, kehrt auf die Turiner Buchmesse zur\u00fcck, wo er bereits 2017, im Jahr seiner Gr\u00fcndung, vertreten war, um die Merkmale und Aktivit\u00e4ten einer in Italien einzigartigen B\u00fcrgerinitiative zu pr\u00e4sentieren, die inzwischen 69 Titel in ihrem Katalog und mehr als hunderttausend Downloads erreicht hat.<\/p>\n<p>Im Rahmen der Pr\u00e4sentation, die am Freitag, den 19. Mai um 12.30 Uhr stattfindet, werden der Kulturstadtrat von Modena, Andrea Bortolamasi, und der Verlagsleiter Beppe Cottafavi auch die Neuerscheinungen vorstellen: \"Casa d'altri\" von Silvio D'Arzo, \"Io bambino cretino\", der erste Roman von Salvo Cotrino, dem Antiquar aus der Via Canalino, und, ein Jahr nach ihrem Tod, die Sammlung der Schriften von Adriana Querz\u00e8 mit dem Titel \"Scuola, citt\u00e0, relazioni. Der Blick \u00fcber die Gegenwart von Adriana Querz\u00e8\".<\/p>\n<p>Anl\u00e4sslich der Teilnahme am Salone hat Modena eine Kommunikationskampagne mit Postern und Postkarten gestartet, die vier Hauptthemen des Dondolo hervorhebt: \"Modena und seine L\u00e4ndereien\", mit Geschichten von Ugo Cornia, Barbara Baraldi, Francesca Bussi und Sandro Campani; \"Antonio Delfini. Ein gro\u00dfer Schriftsteller des 20. Jahrhunderts\" mit Texten von Delfini selbst, Cesare Garboli, Natalia Ginzburg und Pier Paolo Pasolini; \"Dondoli d'arte\" mit den Meisterwerken der Galleria Estense, erz\u00e4hlt von Martina Bagnoli, den Geschichten von Paul Campani, den Werken von Cesare Leonardi und Gianni Valbonesi; die \"Sognalib(e)ro\" mit den Geschichten von Insassen italienischer Gef\u00e4ngnisse. Das Besondere an der Kampagne ist, dass alle ausgew\u00e4hlten Titel \u00fcber den QR-Code unter jedem Bild kostenlos heruntergeladen werden k\u00f6nnen.<\/p>\n<p>Wie Stadtrat Bortolamasi betont, \"werden wir auf der Buchmesse eine chorische Erz\u00e4hlung \u00fcber unser Gebiet mit seinen Geschichten und Protagonisten pr\u00e4sentieren. Wir freuen uns, dass wir ein Projekt vorstellen k\u00f6nnen, das w\u00e4chst und seinen Katalog erweitert. Dar\u00fcber hinaus versuchen wir mit der 'interaktiven' Plakatkampagne, alle zum Lesen zu ermutigen, und zwar mit einer einfachen und inzwischen \u00fcblichen Geste wie dem Einrahmen eines QR-Codes, der die T\u00fcr zu einer Welt der Geschichten, Ideen und Erz\u00e4hlungen \u00f6ffnet.<\/p>\n<p>Il Dondolo gibt mit Unterst\u00fctzung der Bper Banca unver\u00f6ffentlichte B\u00fccher aus den Bereichen Belletristik, Sachb\u00fccher, Kunst und Poesie heraus, wobei der Schwerpunkt auf bemerkenswerten Geschichten aus der Region Modena liegt. Im Katalog finden sich Walter Siti, Edmondo Berselli, Carlo Lucarelli, Barbara Baraldi, Stefano Massini sowie historische Wiederaufnahmen von Antonio Delfini, Silvio D'Arzo, Angelo Fortunato Formiggini und kritische Beitr\u00e4ge von Natalia Ginzburg, Pier Paolo Pasolini, Cesare Garboli. Dann gibt es die B\u00fccher, die Luigi Ghirri, Gianni Celati, Cesare Leonardi, Vasco Rossi, Paul Campani und der wunderbaren Geschichte von Paul Film, Gulp und Supergulp gewidmet sind, die Geschichte der Comics im Fernsehen, die Meisterwerke der Pinacoteca Estense und eine Anthologie der besten emilianischen Schriftsteller.<\/p>\n<p>Die E-Books des Dondolo k\u00f6nnen kostenlos von der Website des Verlags (ildondolo.it) und von der Plattform Mlol (mlol.it) heruntergeladen werden, der wichtigsten digitalen Bibliothek Italiens, die mehr als sechstausend \u00f6ffentliche Bibliotheken vernetzt.<\/p>\n<p>Das Projekt steht unter der Regie von Beppe Cottafavi, mit Beitr\u00e4gen von Andrea Zanni, Silvia Sitton und der k\u00fcnstlerischen Leitung von Patty Di Gioia und Giorgio Di Mitri.\n<\/p><\/div>\n<\/div>\n<\/div>\n\n\n\n\n\t\t<\/div> \n\t<\/div>\n\t<\/div> \n<\/div><\/div><div class=\"divider-wrap\" data-alignment=\"default\"><div style=\"height: 5vh;\" class=\"divider\"><\/div><\/div>\n\t<div class=\"wpb_gallery wpb_content_element clearfix\">\n\t\t<div class=\"wpb_wrapper\"><div class=\"wpb_gallery_slidesimage_grid\" data-onclick=\"link_image\" data-interval=\"5\">\n\n\t<div class=\"portfolio-wrap\">\n\n\t\t\t<span class=\"portfolio-loading\"><\/span>\n\n\t\t\t<div class=\"row portfolio-items no-masonry\" data-starting-filter=\"\" data-gutter=\"default\" data-masonry-type=\"default\" data-bypass-cropping=\"\"  data-ps=\"7\" data-loading=\"default\" data-categories-to-show=\"\" data-col-num=\"cols-4\">\n\n\n\n\t\n\t\t\t\t\t\t\t<div class=\"col span_3  element\" data-project-cat=\"\" data-default-color=\"true\" data-title-color=\"\" data-subtitle-color=\"\">\n\n\t\t\t\t\t\t\t<div class=\"inner-wrap animated\" data-animation=\"none\">\n\n\t\t\t\t\t\t\t\n\t\t\t\t\t\t\t<div class=\"work-item style-2\">\n\n\t\t\t\t\t\t\t\t<img decoding=\"async\" class=\"skip-lazy top-level-image\" src=\"https:\/\/modenafuturacreativa.it\/wp-content\/uploads\/2023\/05\/Laura_1_Pagina_2-scaled-600x400.jpg\" width=\"600\" height=\"400\" alt=\"Laura_1_Pagina_2\" title=\"Laura_1_Seite_2\" loading=\"lazy\" \/>\n\t\t\t\t\t\t\t\t<div class=\"work-info-bg\"><\/div>\n\t\t\t\t\t\t\t\t<div class=\"work-info\">\n\n\n\t\t\t\t\t\t\t\t\t\t\t\t\t\t\t\t\t   \t\t\t <a href=\"https:\/\/modenafuturacreativa.it\/wp-content\/uploads\/2023\/05\/Laura_1_Pagina_2-scaled.jpg\" class=\"pretty_photo\"><span class=\"screen-reader-text\">Laura_1_Seite_2<\/span><\/a>\n\t\t\t\t\t\t\t\t   \t\t\n\t\t\t\t\t\t\t\t\t\t<div class=\"vert-center\">\n\t\t\t\t\t\t\t\t\t\t\t\t\t\t\t\t\t\t\t\t\t<\/div><!--\/vert-center-->\n\n\t\t\t\t\t\t\t\t\t\n\n\t\t\t\t\t\t\t\t<\/div>\n\t\t\t\t\t\t\t<\/div><!--work-item-->\n\n\t\t\t\t\t\t\n\n\t\t\t\t\t\t<\/div><\/div> \n\t\t\t\t\t\t\n\t\t\t\t\t\t\t<div class=\"col span_3  element\" data-project-cat=\"\" data-default-color=\"true\" data-title-color=\"\" data-subtitle-color=\"\">\n\n\t\t\t\t\t\t\t<div class=\"inner-wrap animated\" data-animation=\"none\">\n\n\t\t\t\t\t\t\t\n\t\t\t\t\t\t\t<div class=\"work-item style-2\">\n\n\t\t\t\t\t\t\t\t<img decoding=\"async\" class=\"skip-lazy top-level-image\" src=\"https:\/\/modenafuturacreativa.it\/wp-content\/uploads\/2023\/05\/Laura_2_Pagina_2-scaled-600x400.jpg\" width=\"600\" height=\"400\" alt=\"Laura_2_Pagina_2\" title=\"Laura_2_Seite_2\" loading=\"lazy\" \/>\n\t\t\t\t\t\t\t\t<div class=\"work-info-bg\"><\/div>\n\t\t\t\t\t\t\t\t<div class=\"work-info\">\n\n\n\t\t\t\t\t\t\t\t\t\t\t\t\t\t\t\t\t   \t\t\t <a href=\"https:\/\/modenafuturacreativa.it\/wp-content\/uploads\/2023\/05\/Laura_2_Pagina_2-scaled.jpg\" class=\"pretty_photo\"><span class=\"screen-reader-text\">Laura_2_Seite_2<\/span><\/a>\n\t\t\t\t\t\t\t\t   \t\t\n\t\t\t\t\t\t\t\t\t\t<div class=\"vert-center\">\n\t\t\t\t\t\t\t\t\t\t\t\t\t\t\t\t\t\t\t\t\t<\/div><!--\/vert-center-->\n\n\t\t\t\t\t\t\t\t\t\n\n\t\t\t\t\t\t\t\t<\/div>\n\t\t\t\t\t\t\t<\/div><!--work-item-->\n\n\t\t\t\t\t\t\n\n\t\t\t\t\t\t<\/div><\/div> \n\t\t\t\t\t\t<\/div><\/div><\/div>\n\t\t<\/div> \n\t<\/div> \n\t\t\t<\/div> \n\t\t<\/div>\n\t<\/div> \n<\/div><\/div>","protected":false},"excerpt":{"rendered":"Freitag, 19. Mai, um 12.30 Uhr, Vorstellung der Aktivit\u00e4ten und Neuerscheinungen. Thematische Plakatkampagne zu Delphinen, Modena, Sognalib(e)ro und Kunstb\u00fcchern Il Dondolo, der digitale Verlag des...","protected":false},"author":1,"featured_media":2199,"comment_status":"closed","ping_status":"closed","sticky":false,"template":"","format":"standard","meta":{"wpupg_custom_link":[],"wpupg_custom_link_behaviour":["default"],"wpupg_custom_link_nofollow":[],"wpupg_custom_image":[],"wpupg_custom_image_id":[],"footnotes":""},"categories":[475],"tags":[],"class_list":["post-2198","post","type-post","status-publish","format-standard","has-post-thumbnail","category-news"],"_links":{"self":[{"href":"https:\/\/modenafuturacreativa.it\/de\/wp-json\/wp\/v2\/posts\/2198","targetHints":{"allow":["GET"]}}],"collection":[{"href":"https:\/\/modenafuturacreativa.it\/de\/wp-json\/wp\/v2\/posts"}],"about":[{"href":"https:\/\/modenafuturacreativa.it\/de\/wp-json\/wp\/v2\/types\/post"}],"author":[{"embeddable":true,"href":"https:\/\/modenafuturacreativa.it\/de\/wp-json\/wp\/v2\/users\/1"}],"replies":[{"embeddable":true,"href":"https:\/\/modenafuturacreativa.it\/de\/wp-json\/wp\/v2\/comments?post=2198"}],"version-history":[{"count":2,"href":"https:\/\/modenafuturacreativa.it\/de\/wp-json\/wp\/v2\/posts\/2198\/revisions"}],"predecessor-version":[{"id":2202,"href":"https:\/\/modenafuturacreativa.it\/de\/wp-json\/wp\/v2\/posts\/2198\/revisions\/2202"}],"wp:featuredmedia":[{"embeddable":true,"href":"https:\/\/modenafuturacreativa.it\/de\/wp-json\/wp\/v2\/media\/2199"}],"wp:attachment":[{"href":"https:\/\/modenafuturacreativa.it\/de\/wp-json\/wp\/v2\/media?parent=2198"}],"wp:term":[{"taxonomy":"category","embeddable":true,"href":"https:\/\/modenafuturacreativa.it\/de\/wp-json\/wp\/v2\/categories?post=2198"},{"taxonomy":"post_tag","embeddable":true,"href":"https:\/\/modenafuturacreativa.it\/de\/wp-json\/wp\/v2\/tags?post=2198"}],"curies":[{"name":"wp","href":"https:\/\/api.w.org\/{rel}","templated":true}]}}