{"id":1749,"date":"2023-04-20T15:38:54","date_gmt":"2023-04-20T13:38:54","guid":{"rendered":"https:\/\/modenafuturacreativa.it\/?p=1749"},"modified":"2025-03-21T14:18:26","modified_gmt":"2025-03-21T13:18:26","slug":"modena-citta-creativa-al-forum-di-giovani-per-lunesco","status":"publish","type":"post","link":"https:\/\/modenafuturacreativa.it\/de\/modena-citta-creativa-al-forum-di-giovani-per-lunesco\/","title":{"rendered":"Modena als kreative Stadt auf dem Forum \"Jugend f\u00fcr die Unesco"},"content":{"rendered":"<div id=\"fws_6a9b769461919\"  data-column-margin=\"60px\" data-midnight=\"dark\"  class=\"wpb_row vc_row-fluid vc_row\"  style=\"padding-top: 0px; padding-bottom: 0px; \"><div class=\"row-bg-wrap\" data-bg-animation=\"none\" data-bg-animation-delay=\"\" data-bg-overlay=\"false\"><div class=\"inner-wrap row-bg-layer\" ><div class=\"row-bg viewport-desktop\"  style=\"\"><\/div><\/div><\/div><div class=\"row_col_wrap_12 col span_12 dark left\">\n\t<div  class=\"vc_col-sm-12 wpb_column column_container vc_column_container col no-extra-padding inherit_tablet inherit_phone\"  data-padding-pos=\"all\" data-has-bg-color=\"false\" data-bg-color=\"\" data-bg-opacity=\"1\" data-animation=\"\" data-delay=\"0\" >\n\t\t<div class=\"vc_column-inner\" >\n\t\t\t<div class=\"wpb_wrapper\">\n\t\t\t\t<div class=\"divider-wrap\" data-alignment=\"default\"><div style=\"height: 5vh;\" class=\"divider\"><\/div><\/div><div id=\"fws_6a9b7694621d8\" data-midnight=\"\" data-column-margin=\"default\" class=\"wpb_row vc_row-fluid vc_row inner_row\"  style=\"\"><div class=\"row-bg-wrap\"> <div class=\"row-bg\" ><\/div> <\/div><div class=\"row_col_wrap_12_inner col span_12  left\">\n\t<div  class=\"vc_col-sm-12 wpb_column column_container vc_column_container col child_column no-extra-padding inherit_tablet inherit_phone\"   data-padding-pos=\"all\" data-has-bg-color=\"false\" data-bg-color=\"\" data-bg-opacity=\"1\" data-animation=\"\" data-delay=\"0\" >\n\t\t<div class=\"vc_column-inner\" >\n\t\t<div class=\"wpb_wrapper\">\n\t\t\t\n<div class=\"wpb_text_column wpb_content_element\" >\n\t<h3 id=\"parent-fieldname-description\" class=\"documentDescription\"><strong>In Turin findet am Samstag, den 15. April, die Pr\u00e4sentation des Weges als kreative Stadt f\u00fcr Medienkunst und Stadterneuerungsprojekte zwischen Erinnerung und Zukunft statt.<\/strong><\/h3>\n<div id=\"viewlet-above-content-body\"><\/div>\n<div><\/div>\n<div id=\"content-core\">\n<div id=\"parent-fieldname-text\" class=\"plain\">\n<p>Modena, Unesco-Kreativstadt f\u00fcr Medienkunst, nimmt am Forum der italienischen Kreativst\u00e4dte teil, das von der Vereinigung Giovani per l'Unesco organisiert wird und derzeit in Turin stattfindet.<\/p>\n<p>Das mittlerweile f\u00fcnfte Forum trifft in diesem Jahr auf das UNESCO Creative Cities Network und besch\u00e4ftigt sich mit Beitr\u00e4gen von Vertretern von Institutionen und der Zivilgesellschaft mit dem Thema Kreativit\u00e4t als Instrument f\u00fcr soziale Innovation.<\/p>\n<p>Die Erfahrungen von Modena als Kreativstadt f\u00fcr Medienkunst werden am Samstag, den 15. April, im Rahmen des Workshops \"St\u00e4dte und Erinnerung. Die Zukunft weitergeben\", einer der vier f\u00fcr diesen Tag vorgesehenen Workshops, in dem die St\u00e4dte den Weg und die Gr\u00fcnde f\u00fcr ihre Ernennung zur Kreativstadt sowie die Projekte, die Tradition und Innovation miteinander verbinden und die f\u00fcr Modena insbesondere die Stadterneuerung betreffen, erl\u00e4utern k\u00f6nnen.<\/p>\n<p>Der italienische Jugendverband f\u00fcr die UNESCO ist eine auf nationaler und internationaler Ebene t\u00e4tige gemeinn\u00fctzige Organisation, die Aktivit\u00e4ten in den Bereichen Bildung, Wissenschaft, Kultur und Kommunikation durchf\u00fchrt und Projekte, Werte und Priorit\u00e4ten durch die aktive Beteiligung der jungen Generationen und der Zivilgesellschaft f\u00f6rdert. Jedes Jahr organisiert der Verband ein kulturelles Ereignis von nationaler Tragweite, das italienische Jugendforum, in einer anderen italienischen Stadt als Gelegenheit f\u00fcr die freiwilligen Mitglieder im Alter zwischen 18 und 35 Jahren zum Nachdenken und zur Begegnung.<\/p>\n<\/div>\n<\/div>\n<\/div>\n\n\n\n\n\t\t<\/div> \n\t<\/div>\n\t<\/div> \n<\/div><\/div><div class=\"divider-wrap\" data-alignment=\"default\"><div style=\"height: 5vh;\" class=\"divider\"><\/div><\/div>\n\t\t\t<\/div> \n\t\t<\/div>\n\t<\/div> \n<\/div><\/div>","protected":false},"excerpt":{"rendered":"A Torino, sabato 15 aprile, la presentazione del percorso come citt\u00e0 creativa per le Media arts e dei progetti di rigenerazione urbana tra memoria e futuro. Modena, citt\u00e0 creativa Unesco...","protected":false},"author":1,"featured_media":1202,"comment_status":"closed","ping_status":"closed","sticky":false,"template":"","format":"standard","meta":{"wpupg_custom_link":[],"wpupg_custom_link_behaviour":[],"wpupg_custom_link_nofollow":[],"wpupg_custom_image":[],"wpupg_custom_image_id":[],"footnotes":""},"categories":[475],"tags":[],"class_list":["post-1749","post","type-post","status-publish","format-standard","has-post-thumbnail","category-news"],"_links":{"self":[{"href":"https:\/\/modenafuturacreativa.it\/de\/wp-json\/wp\/v2\/posts\/1749","targetHints":{"allow":["GET"]}}],"collection":[{"href":"https:\/\/modenafuturacreativa.it\/de\/wp-json\/wp\/v2\/posts"}],"about":[{"href":"https:\/\/modenafuturacreativa.it\/de\/wp-json\/wp\/v2\/types\/post"}],"author":[{"embeddable":true,"href":"https:\/\/modenafuturacreativa.it\/de\/wp-json\/wp\/v2\/users\/1"}],"replies":[{"embeddable":true,"href":"https:\/\/modenafuturacreativa.it\/de\/wp-json\/wp\/v2\/comments?post=1749"}],"version-history":[{"count":3,"href":"https:\/\/modenafuturacreativa.it\/de\/wp-json\/wp\/v2\/posts\/1749\/revisions"}],"predecessor-version":[{"id":1752,"href":"https:\/\/modenafuturacreativa.it\/de\/wp-json\/wp\/v2\/posts\/1749\/revisions\/1752"}],"wp:featuredmedia":[{"embeddable":true,"href":"https:\/\/modenafuturacreativa.it\/de\/wp-json\/wp\/v2\/media\/1202"}],"wp:attachment":[{"href":"https:\/\/modenafuturacreativa.it\/de\/wp-json\/wp\/v2\/media?parent=1749"}],"wp:term":[{"taxonomy":"category","embeddable":true,"href":"https:\/\/modenafuturacreativa.it\/de\/wp-json\/wp\/v2\/categories?post=1749"},{"taxonomy":"post_tag","embeddable":true,"href":"https:\/\/modenafuturacreativa.it\/de\/wp-json\/wp\/v2\/tags?post=1749"}],"curies":[{"name":"wp","href":"https:\/\/api.w.org\/{rel}","templated":true}]}}