{"id":1744,"date":"2023-03-28T09:36:56","date_gmt":"2023-03-28T07:36:56","guid":{"rendered":"https:\/\/modenafuturacreativa.it\/?p=1744"},"modified":"2025-03-21T14:18:26","modified_gmt":"2025-03-21T13:18:26","slug":"nuovo-bando-per-le-industrie-culturali-e-creative","status":"publish","type":"post","link":"https:\/\/modenafuturacreativa.it\/de\/nuovo-bando-per-le-industrie-culturali-e-creative\/","title":{"rendered":"Neuer Aufruf f\u00fcr die Kultur- und Kreativwirtschaft"},"content":{"rendered":"<div id=\"fws_6a9b769485c85\"  data-column-margin=\"60px\" data-midnight=\"dark\"  class=\"wpb_row vc_row-fluid vc_row\"  style=\"padding-top: 0px; padding-bottom: 0px; \"><div class=\"row-bg-wrap\" data-bg-animation=\"none\" data-bg-animation-delay=\"\" data-bg-overlay=\"false\"><div class=\"inner-wrap row-bg-layer\" ><div class=\"row-bg viewport-desktop\"  style=\"\"><\/div><\/div><\/div><div class=\"row_col_wrap_12 col span_12 dark left\">\n\t<div  class=\"vc_col-sm-12 wpb_column column_container vc_column_container col no-extra-padding inherit_tablet inherit_phone\"  data-padding-pos=\"all\" data-has-bg-color=\"false\" data-bg-color=\"\" data-bg-opacity=\"1\" data-animation=\"\" data-delay=\"0\" >\n\t\t<div class=\"vc_column-inner\" >\n\t\t\t<div class=\"wpb_wrapper\">\n\t\t\t\t<div class=\"divider-wrap\" data-alignment=\"default\"><div style=\"height: 5vh;\" class=\"divider\"><\/div><\/div><div id=\"fws_6a9b769486714\" data-midnight=\"\" data-column-margin=\"default\" class=\"wpb_row vc_row-fluid vc_row inner_row\"  style=\"\"><div class=\"row-bg-wrap\"> <div class=\"row-bg\" ><\/div> <\/div><div class=\"row_col_wrap_12_inner col span_12  left\">\n\t<div  class=\"vc_col-sm-12 wpb_column column_container vc_column_container col child_column no-extra-padding inherit_tablet inherit_phone\"   data-padding-pos=\"all\" data-has-bg-color=\"false\" data-bg-color=\"\" data-bg-opacity=\"1\" data-animation=\"\" data-delay=\"0\" >\n\t\t<div class=\"vc_column-inner\" >\n\t\t<div class=\"wpb_wrapper\">\n\t\t\t\n<div class=\"wpb_text_column wpb_content_element\" >\n\t<p><strong><span style=\"font-size: 12pt;\">Die erste Ank\u00fcndigung ist ver\u00f6ffentlicht worden\u00a0<em>Eurocluster f\u00fcr eine florierende Kreativ- und Kulturindustrie\u00a0<\/em>(CHREATHRIV-EU) des COSME-Abschnitts des Binnenmarktprogramms (SMP), das darauf abzielt, KMU in der Kultur- und Kreativwirtschaft (CCI) finanziell zu unterst\u00fctzen.<\/span><\/strong><\/p>\n<p>&nbsp;<\/p>\n<p><span style=\"font-size: 12pt;\">Die gef\u00f6rderten Projekte und Aktivit\u00e4ten m\u00fcssen bis zum 30.04.2024 abgeschlossen sein und eine der folgenden Herausforderungen erf\u00fcllen:<\/span><br \/>\n<span style=\"font-size: 12pt;\">- Diversifizierung von Produkten\/Dienstleistungen\/Inhalten auf der Grundlage digitaler Technologien, insbesondere im Bereich des Kulturerbes, der Archive und der KIC-Bibliotheken;<\/span><br \/>\n<span style=\"font-size: 12pt;\">- Unterst\u00fctzung des umweltfreundlichen \u00dcbergangs im audiovisuellen und multimedialen Sektor sowie in der darstellenden Kunst;<\/span><br \/>\n<span style=\"font-size: 12pt;\">- Schlie\u00dfung der Qualifikationsl\u00fccke in der KIC-Belegschaft und F\u00f6rderung einer st\u00e4rkeren Beteiligung von Frauen;<\/span><br \/>\n<span style=\"font-size: 12pt;\">- Verbesserung der Gesch\u00e4ftsm\u00f6glichkeiten durch Internationalisierung und Synergien entlang und zwischen den Lieferketten.<\/span><\/p>\n<p>&nbsp;<\/p>\n<p><span style=\"font-size: 12pt;\"><strong>Beg\u00fcnstigte:<\/strong>\u00a0KMU in der Kultur- und Kreativwirtschaft, die in den folgenden Sektoren t\u00e4tig sind:<\/span><br \/>\n<span style=\"font-size: 12pt;\">- kulturelles Erbe, Archive, Bibliotheken;<\/span><br \/>\n<span style=\"font-size: 12pt;\">- Audiovisueller und multimedialer Bereich einschlie\u00dflich Informationstechnologie, Software und Computerdienstleistungen;<\/span><br \/>\n<span style=\"font-size: 12pt;\">- Druck und Verlagswesen;<\/span><br \/>\n<span style=\"font-size: 12pt;\">- Bildende Kunst;<\/span><br \/>\n<span style=\"font-size: 12pt;\">- Darstellende K\u00fcnste;<\/span><br \/>\n<span style=\"font-size: 12pt;\">- Bildung.<\/span><\/p>\n<p>&nbsp;<\/p>\n<p><span style=\"font-size: 12pt;\"><strong>Kofinanzierung:<br \/>\n<\/strong>- 5 000 \u20ac f\u00fcr Kleinprojekte zur Entwicklung eines Projekts mit einem externen Sachverst\u00e4ndigen, d. h. eine Bestandsaufnahme spezifischer Bed\u00fcrfnisse und die Ausarbeitung von Empfehlungen\/Aktionspl\u00e4nen in den Bereichen Risikomanagement und -minderung, Digitalisierung, gr\u00fcner \u00dcbergang, Innovation und Technologie, Internationalisierung, Umschulung oder Kompetenzentwicklung;<\/span><\/p>\n<p><span style=\"font-size: 12pt;\">- 20 000 \u20ac f\u00fcr Kooperationsprojekte, bei denen KMU mit mindestens einer anderen Organisation an einem Pilotprojekt arbeiten m\u00fcssen, um ein Produkt mit einem technologischen und kommerziellen Reifegrad von mindestens 4 (TRL und CRL) zu entwickeln und zu prototypisieren. Gef\u00f6rdert wird die Entwicklung einer neuen Technologie oder die Verbesserung eines bestehenden Produkts oder einer Technologie.<\/span><\/p>\n<p>&nbsp;<\/p>\n<p><span style=\"font-size: 12pt;\"><strong>Abgabetermin: 02\/05\/2023<\/strong><\/span><\/p>\n<p><span style=\"font-size: 12pt;\"><strong>Quelle:<\/strong>\u00a0.\u00a0<a style=\"color: #3f3f3f; text-decoration: underline; cursor: pointer;\" href=\"https:\/\/nl-europa.comune.modena.it\/nl\/pmz5by\/j2thxi\/jejtgf\/uf\/8\/aHR0cHM6Ly9maXJzdC5hcnQtZXIuaXQvbmV3cy9pbmR1c3RyaWUtY3VsdHVyYWxpLWUtY3JlYXRpdmUtbnVvdm8tYmFuZG8tc21w?_d=82M&amp;_c=6fc8e092\" rel=\"noopener\">Erste von ART-ER<\/a><\/span><\/p>\n<\/div>\n\n\n\n\n\t\t<\/div> \n\t<\/div>\n\t<\/div> \n<\/div><\/div><div class=\"divider-wrap\" data-alignment=\"default\"><div style=\"height: 5vh;\" class=\"divider\"><\/div><\/div>\n\t\t\t<\/div> \n\t\t<\/div>\n\t<\/div> \n<\/div><\/div>","protected":false},"excerpt":{"rendered":"Die erste Aufforderung zur Einreichung von Vorschl\u00e4gen f\u00fcr Eurocluster f\u00fcr die florierende Kultur- und Kreativwirtschaft (CHREATHRIV-EU) im Rahmen des COSME-Teils des Binnenmarktprogramms (SMP) wurde ver\u00f6ffentlicht, um KMU in der Kulturwirtschaft finanziell zu unterst\u00fctzen...","protected":false},"author":1,"featured_media":1745,"comment_status":"closed","ping_status":"closed","sticky":false,"template":"","format":"standard","meta":{"wpupg_custom_link":[],"wpupg_custom_link_behaviour":[],"wpupg_custom_link_nofollow":[],"wpupg_custom_image":[],"wpupg_custom_image_id":[],"footnotes":""},"categories":[475],"tags":[],"class_list":["post-1744","post","type-post","status-publish","format-standard","has-post-thumbnail","category-news"],"_links":{"self":[{"href":"https:\/\/modenafuturacreativa.it\/de\/wp-json\/wp\/v2\/posts\/1744","targetHints":{"allow":["GET"]}}],"collection":[{"href":"https:\/\/modenafuturacreativa.it\/de\/wp-json\/wp\/v2\/posts"}],"about":[{"href":"https:\/\/modenafuturacreativa.it\/de\/wp-json\/wp\/v2\/types\/post"}],"author":[{"embeddable":true,"href":"https:\/\/modenafuturacreativa.it\/de\/wp-json\/wp\/v2\/users\/1"}],"replies":[{"embeddable":true,"href":"https:\/\/modenafuturacreativa.it\/de\/wp-json\/wp\/v2\/comments?post=1744"}],"version-history":[{"count":1,"href":"https:\/\/modenafuturacreativa.it\/de\/wp-json\/wp\/v2\/posts\/1744\/revisions"}],"predecessor-version":[{"id":1746,"href":"https:\/\/modenafuturacreativa.it\/de\/wp-json\/wp\/v2\/posts\/1744\/revisions\/1746"}],"wp:featuredmedia":[{"embeddable":true,"href":"https:\/\/modenafuturacreativa.it\/de\/wp-json\/wp\/v2\/media\/1745"}],"wp:attachment":[{"href":"https:\/\/modenafuturacreativa.it\/de\/wp-json\/wp\/v2\/media?parent=1744"}],"wp:term":[{"taxonomy":"category","embeddable":true,"href":"https:\/\/modenafuturacreativa.it\/de\/wp-json\/wp\/v2\/categories?post=1744"},{"taxonomy":"post_tag","embeddable":true,"href":"https:\/\/modenafuturacreativa.it\/de\/wp-json\/wp\/v2\/tags?post=1744"}],"curies":[{"name":"wp","href":"https:\/\/api.w.org\/{rel}","templated":true}]}}