{"id":1612,"date":"2022-12-22T12:44:05","date_gmt":"2022-12-22T11:44:05","guid":{"rendered":"https:\/\/modenafuturacreativa.it\/?p=1612"},"modified":"2025-03-21T14:18:26","modified_gmt":"2025-03-21T13:18:26","slug":"capodanno-a-cielo-aperto-che-unisce-il-mito-larte-e-le-nuove-tecnologie","status":"publish","type":"post","link":"https:\/\/modenafuturacreativa.it\/de\/capodanno-a-cielo-aperto-che-unisce-il-mito-larte-e-le-nuove-tecnologie\/","title":{"rendered":"Modena: Silvester unter freiem Himmel mit Mythen, Kunst und neuen Technologien"},"content":{"rendered":"<div id=\"fws_6a9b7695c76bf\"  data-column-margin=\"60px\" data-midnight=\"dark\"  class=\"wpb_row vc_row-fluid vc_row\"  style=\"padding-top: 0px; padding-bottom: 0px; \"><div class=\"row-bg-wrap\" data-bg-animation=\"none\" data-bg-animation-delay=\"\" data-bg-overlay=\"false\"><div class=\"inner-wrap row-bg-layer\" ><div class=\"row-bg viewport-desktop\"  style=\"\"><\/div><\/div><\/div><div class=\"row_col_wrap_12 col span_12 dark left\">\n\t<div  class=\"vc_col-sm-12 wpb_column column_container vc_column_container col no-extra-padding inherit_tablet inherit_phone\"  data-padding-pos=\"all\" data-has-bg-color=\"false\" data-bg-color=\"\" data-bg-opacity=\"1\" data-animation=\"\" data-delay=\"0\" >\n\t\t<div class=\"vc_column-inner\" >\n\t\t\t<div class=\"wpb_wrapper\">\n\t\t\t\t\n\t<div class=\"wpb_video_widget wpb_content_element vc_clearfix   vc_video-aspect-ratio-169 vc_video-el-width-100 vc_video-align-center\" >\n\t\t<div class=\"wpb_wrapper\">\n\t\t\t\n\t\t\t<div class=\"wpb_video_wrapper\"><iframe loading=\"lazy\" title=\"Neujahrsfest Modena 2023\" width=\"500\" height=\"281\" src=\"https:\/\/www.youtube.com\/embed\/WS3irxiwLXQ?feature=oembed\" frameborder=\"0\" allow=\"accelerometer; autoplay; clipboard-write; encrypted-media; gyroscope; picture-in-picture; web-share\" referrerpolicy=\"strict-origin-when-cross-origin\" allowfullscreen><\/iframe><\/div>\n\t\t<\/div>\n\t<\/div>\n<div class=\"divider-wrap\" data-alignment=\"default\"><div style=\"height: 5vh;\" class=\"divider\"><\/div><\/div><div id=\"fws_6a9b7695c824b\" data-midnight=\"\" data-column-margin=\"default\" class=\"wpb_row vc_row-fluid vc_row inner_row\"  style=\"\"><div class=\"row-bg-wrap\"> <div class=\"row-bg\" ><\/div> <\/div><div class=\"row_col_wrap_12_inner col span_12  left\">\n\t<div  class=\"vc_col-sm-12 wpb_column column_container vc_column_container col child_column no-extra-padding inherit_tablet inherit_phone\"   data-padding-pos=\"all\" data-has-bg-color=\"false\" data-bg-color=\"\" data-bg-opacity=\"1\" data-animation=\"\" data-delay=\"0\" >\n\t\t<div class=\"vc_column-inner\" >\n\t\t<div class=\"wpb_wrapper\">\n\t\t\t\n<div class=\"wpb_text_column wpb_content_element\" >\n\t<p><span style=\"font-size: large;\"><b>Modena begr\u00fc\u00dft das Jahr 2022 mit einer Open-Air-Silvesterfeier, die Mythos, Kunst und neue Technologien mit zwei digitalen Installationen und einer Lufttanzshow verbindet und die Unesco-St\u00e4tte mit der Piazza Grande, dem Dom und der Ghirlandina in den Mittelpunkt stellt.<\/b><\/span><\/p>\n<p>&nbsp;<\/p>\n<h4 id=\"x1dug3\">Programm<\/h4>\n<p style=\"margin: 0px;\"><strong>Der Mythos von Phaeton<br \/>\n<\/strong>Vom 31. Dezember bis zum 3. Januar Videomapping in der Kathedrale<\/p>\n<p style=\"margin: 0px;\"><strong>Zeitplan:<\/strong><\/p>\n<ul>\n<li>31. Dezember von 23.15 bis 23.30 \/ von 00.30 bis 01.00;<\/li>\n<li>1. Januar von 19.15 Uhr bis 21.15 Uhr;<\/li>\n<li>2. Januar von 19.15 Uhr bis 21.15 Uhr;<\/li>\n<li>3. Januar von 19.15 Uhr bis 21.15 Uhr.<\/li>\n<\/ul>\n<p style=\"margin: 0px;\"><strong>Digitale Installation \"Eine andere Welt<br \/>\n<\/strong>Vom 31. Dezember bis 3. Januar - Piazza Torre, neben dem Torre Ghirlandina -<\/p>\n<p style=\"margin: 0px;\"><strong>Zeitplan:<\/strong> die Videoinstallation wird in einer Schleife zu folgenden Zeiten wiederholt:<\/p>\n<ul>\n<li>31. Dezember von 19 bis 20.30 Uhr \/ 11 bis 23.15 Uhr.<\/li>\n<li>1. Januar von 19 bis 21 Uhr.<\/li>\n<li>2. Januar von 19 bis 21 Uhr.<\/li>\n<li>3. Januar von 19 bis 21 Uhr.<\/li>\n<\/ul>\n<p style=\"margin: 0px;\">Die Installation, die von dem gleichnamigen Buch des Fotografen Stefano Unthertiner inspiriert ist, das auf den Svalbard-Inseln aufgenommen wurde, ist eine gro\u00dfformatige Projektion, die dem Publikum eine immersive sensorische Erfahrung bietet: Der Platz wird in eine gro\u00dfe Winterkulisse verwandelt, eine Eisfl\u00e4che, die in die historische Architektur der Stadt eindringt und die Teilnehmer in eine andere Welt versetzt, in der der Schnee und die arktische Landschaft so nah sind, dass sie das Gef\u00fchl haben, sie ber\u00fchren zu k\u00f6nnen. Eine Reihe von Kameras wird einige Bereiche des Platzes \u00fcberwachen, wo Erwachsene und Kinder durch die Bewegung ihrer K\u00f6rper mit Kl\u00e4ngen und Bildern interagieren und deren Form bestimmen k\u00f6nnen.<\/p>\n<p>&nbsp;<\/p>\n<p style=\"margin: 0px;\"><strong>Lufttanzauff\u00fchrung \"Clairi\u00e8re Urbaine<\/strong><\/p>\n<p style=\"margin: 0px;\">Auf der Piazza Grande am 31. Dezember<\/p>\n<p style=\"margin: 0px;\"><strong>Zeitplan:<\/strong> von 23.30 Uhr bis 23.50 Uhr Mitternachtspause, von 00.05 Uhr bis 00.30 Uhr (bei schlechtem Wetter wird die Vorstellung auf den Abend des 1. Januar um 21.30 Uhr verlegt)<\/p>\n<p style=\"margin: 0px;\">Die einzige Auff\u00fchrung findet in der Silvesternacht ab 23.30 Uhr statt und wird von der franz\u00f6sischen Kompanie Retouramont, einem Pionier des vertikalen Tanzes, inszeniert.<\/p>\n<p style=\"margin: 0px;\">Die etwa vierzigmin\u00fctige Auff\u00fchrung, die in zwei Teile gegliedert ist und zwischen denen ein Silvestertrunk stattfindet, tr\u00e4gt den Titel \"Clairi\u00e8re Urbaine\", was w\u00f6rtlich \u00fcbersetzt \"st\u00e4dtische Lichtung\" bedeutet und sich auf die \"unendlichen R\u00e4ume\" von Leopardis Aufstieg bezieht. Die Idee hinter der Performance ist der Dialog zwischen den menschlichen K\u00f6rpern und der Monumentalit\u00e4t eines symbolischen Ortes wie der Piazza Grande. Die T\u00e4nzerinnen und T\u00e4nzer durchqueren an Seilen aufgeh\u00e4ngt den Raum zwischen dem Uhrenturm des Palazzo Comunale und dem Geb\u00e4ude der Unicredit-Bank, das in den 1960er Jahren von Gio Ponti entworfen wurde.<\/p>\n<\/div>\n\n\n\n\n\t\t<\/div> \n\t<\/div>\n\t<\/div> \n<\/div><\/div><div class=\"divider-wrap\" data-alignment=\"default\"><div style=\"height: 5vh;\" class=\"divider\"><\/div><\/div>\n\t\t\t<\/div> \n\t\t<\/div>\n\t<\/div> \n<\/div><\/div>","protected":false},"excerpt":{"rendered":"Modena saluta il 2022 con una festa di Capodanno a cielo aperto che unisce il mito, l\u2019arte e le nuove tecnologie con due installazioni digitali e uno spettacolo di danza...","protected":false},"author":1,"featured_media":1613,"comment_status":"closed","ping_status":"closed","sticky":false,"template":"","format":"standard","meta":{"wpupg_custom_link":[],"wpupg_custom_link_behaviour":[],"wpupg_custom_link_nofollow":[],"wpupg_custom_image":[],"wpupg_custom_image_id":[],"footnotes":""},"categories":[475],"tags":[],"class_list":["post-1612","post","type-post","status-publish","format-standard","has-post-thumbnail","category-news"],"_links":{"self":[{"href":"https:\/\/modenafuturacreativa.it\/de\/wp-json\/wp\/v2\/posts\/1612","targetHints":{"allow":["GET"]}}],"collection":[{"href":"https:\/\/modenafuturacreativa.it\/de\/wp-json\/wp\/v2\/posts"}],"about":[{"href":"https:\/\/modenafuturacreativa.it\/de\/wp-json\/wp\/v2\/types\/post"}],"author":[{"embeddable":true,"href":"https:\/\/modenafuturacreativa.it\/de\/wp-json\/wp\/v2\/users\/1"}],"replies":[{"embeddable":true,"href":"https:\/\/modenafuturacreativa.it\/de\/wp-json\/wp\/v2\/comments?post=1612"}],"version-history":[{"count":3,"href":"https:\/\/modenafuturacreativa.it\/de\/wp-json\/wp\/v2\/posts\/1612\/revisions"}],"predecessor-version":[{"id":1634,"href":"https:\/\/modenafuturacreativa.it\/de\/wp-json\/wp\/v2\/posts\/1612\/revisions\/1634"}],"wp:featuredmedia":[{"embeddable":true,"href":"https:\/\/modenafuturacreativa.it\/de\/wp-json\/wp\/v2\/media\/1613"}],"wp:attachment":[{"href":"https:\/\/modenafuturacreativa.it\/de\/wp-json\/wp\/v2\/media?parent=1612"}],"wp:term":[{"taxonomy":"category","embeddable":true,"href":"https:\/\/modenafuturacreativa.it\/de\/wp-json\/wp\/v2\/categories?post=1612"},{"taxonomy":"post_tag","embeddable":true,"href":"https:\/\/modenafuturacreativa.it\/de\/wp-json\/wp\/v2\/tags?post=1612"}],"curies":[{"name":"wp","href":"https:\/\/api.w.org\/{rel}","templated":true}]}}