{"id":1431,"date":"2022-11-08T15:58:34","date_gmt":"2022-11-08T14:58:34","guid":{"rendered":"https:\/\/modenafuturacreativa.it\/?p=1431"},"modified":"2025-03-21T14:18:26","modified_gmt":"2025-03-21T13:18:26","slug":"primo-forum-modena-city-of-media-arts","status":"publish","type":"post","link":"https:\/\/modenafuturacreativa.it\/de\/primo-forum-modena-city-of-media-arts\/","title":{"rendered":"Erstes Forum der Stadt Modena f\u00fcr Medienkunst"},"content":{"rendered":"<div id=\"fws_6a9b76971b642\"  data-column-margin=\"60px\" data-midnight=\"dark\"  class=\"wpb_row vc_row-fluid vc_row\"  style=\"padding-top: 0px; padding-bottom: 0px; \"><div class=\"row-bg-wrap\" data-bg-animation=\"none\" data-bg-animation-delay=\"\" data-bg-overlay=\"false\"><div class=\"inner-wrap row-bg-layer\" ><div class=\"row-bg viewport-desktop\"  style=\"\"><\/div><\/div><\/div><div class=\"row_col_wrap_12 col span_12 dark left\">\n\t<div  class=\"vc_col-sm-12 wpb_column column_container vc_column_container col no-extra-padding inherit_tablet inherit_phone\"  data-padding-pos=\"all\" data-has-bg-color=\"false\" data-bg-color=\"\" data-bg-opacity=\"1\" data-animation=\"\" data-delay=\"0\" >\n\t\t<div class=\"vc_column-inner\" >\n\t\t\t<div class=\"wpb_wrapper\">\n\t\t\t\t<div class=\"img-with-aniamtion-wrap\" data-max-width=\"100%\" data-max-width-mobile=\"default\" data-shadow=\"none\" data-animation=\"fade-in\" >\n      <div class=\"inner\">\n        <div class=\"hover-wrap\"> \n          <div class=\"hover-wrap-inner\">\n            <img loading=\"lazy\" decoding=\"async\" class=\"img-with-animation skip-lazy\" data-delay=\"0\" height=\"943\" width=\"1400\" data-animation=\"fade-in\" src=\"https:\/\/modenafuturacreativa.it\/wp-content\/uploads\/2022\/11\/modena-futura-creativa3.jpg\" alt=\"\" srcset=\"https:\/\/modenafuturacreativa.it\/wp-content\/uploads\/2022\/11\/modena-futura-creativa3.jpg 1400w, https:\/\/modenafuturacreativa.it\/wp-content\/uploads\/2022\/11\/modena-futura-creativa3-300x202.jpg 300w, https:\/\/modenafuturacreativa.it\/wp-content\/uploads\/2022\/11\/modena-futura-creativa3-1024x690.jpg 1024w, https:\/\/modenafuturacreativa.it\/wp-content\/uploads\/2022\/11\/modena-futura-creativa3-768x517.jpg 768w, https:\/\/modenafuturacreativa.it\/wp-content\/uploads\/2022\/11\/modena-futura-creativa3-600x403.jpg 600w, https:\/\/modenafuturacreativa.it\/wp-content\/uploads\/2022\/11\/modena-futura-creativa3-400x269.jpg 400w\" sizes=\"auto, (max-width: 1400px) 100vw, 1400px\" \/>\n          <\/div>\n        <\/div>\n        \n      <\/div>\n    <\/div>\n<div class=\"wpb_text_column wpb_content_element\" >\n\t<p><strong>11. November 2022<br \/>\n<\/strong><b>10.00-13.00 | 14.30-17.30<br \/>\n<\/b>Modena - Offene Werkstatt<\/p>\n<h3><strong>1. Forum der Stadt Modena f\u00fcr Medienkunst<\/strong><\/h3>\n<p>Eine von der Stadt Modena f\u00fcr Medienkunst und der Gemeinde Modena gef\u00f6rderte Veranstaltung. Ein Tag der Begegnungen, Einblicke und Debatten.<\/p>\n<p><u>Das italienische Netzwerk<\/u>Die italienischen Kreativst\u00e4dte des Unesco-Netzwerks (UCCN) treffen sich in Modena, um verschiedene Themen und Erfahrungen zu diskutieren. Die repr\u00e4sentativsten Aktivit\u00e4ten und Projekte des italienischen Netzwerks, die darauf abzielen, die Ziele der Agenda 2030 der Vereinten Nationen zu erreichen, mit besonderem Bezug auf Innovation, Nachhaltigkeit, Inklusion, Bildung, Ausbildung und Umwelt.<\/p>\n<p><u>Das internationale Netzwerk f\u00fcr Medienkunst<\/u>Gastgeberin ist die f\u00fchrende Stadt des internationalen Medienkunstnetzwerks Enghien-les-Bains. <span lang=\"it-IT\">22 St\u00e4dte auf f\u00fcnf Kontinenten wurden von der Unesco als kreative St\u00e4dte der Medienkunst ausgezeichnet.<\/span><\/p>\n<p><span lang=\"it-IT\"><u>Das UCCN-Netzwerk<\/u><\/span><span lang=\"it-IT\">Es gibt 295 Kreativst\u00e4dte in der Welt, 13 davon sind italienische St\u00e4dte. Die <\/span><span lang=\"it-IT\">Kreativit\u00e4t und die Kulturindustrie in den Mittelpunkt ihrer Entwicklungspl\u00e4ne zu stellen.<\/span><\/p>\n<p><a href=\"http:\/\/www.modenacittacreativa.it\/\">www.modenacittacreativa.it<\/a><\/p>\n<p><a href=\"https:\/\/www.unesco.it\/it\/italianellunesco\/detail\/191\">www.unesco.it\/it\/italianellunesco\/detail\/191<\/a><\/p>\n<p><a href=\"https:\/\/mediaartscities.com\/\" rel=\"noopener\">https:\/\/mediaartscities.com\/<\/a><\/p>\n<\/div>\n\n\n\n<div class=\"divider-wrap\" data-alignment=\"default\"><div style=\"height: 5vh;\" class=\"divider\"><\/div><\/div><div class=\"nectar-cta freccia alignment_tablet_default alignment_phone_default display_tablet_inherit display_phone_inherit\" data-color=\"default\" data-using-bg=\"false\" data-display=\"block\" data-style=\"underline\" data-alignment=\"left\" data-text-color=\"custom\" style=\"--nectar-text-color: #000000; --nectar-button-color: var(--nectar-default); --nectar-icon-gap: 10px; \"><h6 style=\"color: #000000;\"> <span class=\"link_wrap\" ><a target=\"_blank\" class=\"link_text\" style=\"border-color: #000000;\" role=\"button\" href=\"https:\/\/modenafuturacreativa.it\/wp-content\/uploads\/2022\/11\/FUTURACREATIVA-programma-1.pdf\">DAS PROGRAMM HERUNTERLADEN<\/a><\/span><\/h6><\/div><div class=\"nectar-cta freccia alignment_tablet_default alignment_phone_default display_tablet_inherit display_phone_inherit\" data-color=\"default\" data-using-bg=\"false\" data-display=\"block\" data-style=\"underline\" data-alignment=\"left\" data-text-color=\"custom\" style=\"--nectar-text-color: #000000; --nectar-button-color: var(--nectar-default); --nectar-icon-gap: 10px; \"><h6 style=\"color: #000000;\"> <span class=\"link_wrap\" ><a target=\"_blank\" class=\"link_text\" style=\"border-color: #000000;\" role=\"button\" href=\"http:\/\/www.facebook.com\/laboratorioapertomodena\/\">LIVE-STREAMING VERFOLGEN<\/a><\/span><\/h6><\/div>\n\t\t\t<\/div> \n\t\t<\/div>\n\t<\/div> \n<\/div><\/div>","protected":false},"excerpt":{"rendered":"11. November 2022 10.00-13.00 | 14.30-17.30 Modena - Offener Workshop 1. Forum Modena City of Media Arts Eine Veranstaltung der Stadt Modena und der Gemeinde...","protected":false},"author":1,"featured_media":1434,"comment_status":"closed","ping_status":"closed","sticky":false,"template":"","format":"standard","meta":{"wpupg_custom_link":[],"wpupg_custom_link_behaviour":[],"wpupg_custom_link_nofollow":[],"wpupg_custom_image":[],"wpupg_custom_image_id":[],"footnotes":""},"categories":[475],"tags":[],"class_list":["post-1431","post","type-post","status-publish","format-standard","has-post-thumbnail","category-news"],"_links":{"self":[{"href":"https:\/\/modenafuturacreativa.it\/de\/wp-json\/wp\/v2\/posts\/1431","targetHints":{"allow":["GET"]}}],"collection":[{"href":"https:\/\/modenafuturacreativa.it\/de\/wp-json\/wp\/v2\/posts"}],"about":[{"href":"https:\/\/modenafuturacreativa.it\/de\/wp-json\/wp\/v2\/types\/post"}],"author":[{"embeddable":true,"href":"https:\/\/modenafuturacreativa.it\/de\/wp-json\/wp\/v2\/users\/1"}],"replies":[{"embeddable":true,"href":"https:\/\/modenafuturacreativa.it\/de\/wp-json\/wp\/v2\/comments?post=1431"}],"version-history":[{"count":4,"href":"https:\/\/modenafuturacreativa.it\/de\/wp-json\/wp\/v2\/posts\/1431\/revisions"}],"predecessor-version":[{"id":1444,"href":"https:\/\/modenafuturacreativa.it\/de\/wp-json\/wp\/v2\/posts\/1431\/revisions\/1444"}],"wp:featuredmedia":[{"embeddable":true,"href":"https:\/\/modenafuturacreativa.it\/de\/wp-json\/wp\/v2\/media\/1434"}],"wp:attachment":[{"href":"https:\/\/modenafuturacreativa.it\/de\/wp-json\/wp\/v2\/media?parent=1431"}],"wp:term":[{"taxonomy":"category","embeddable":true,"href":"https:\/\/modenafuturacreativa.it\/de\/wp-json\/wp\/v2\/categories?post=1431"},{"taxonomy":"post_tag","embeddable":true,"href":"https:\/\/modenafuturacreativa.it\/de\/wp-json\/wp\/v2\/tags?post=1431"}],"curies":[{"name":"wp","href":"https:\/\/api.w.org\/{rel}","templated":true}]}}