{"id":1,"date":"2020-12-19T10:47:41","date_gmt":"2020-12-19T09:47:41","guid":{"rendered":"https:\/\/modenafutura.com\/?p=1"},"modified":"2025-03-21T14:18:27","modified_gmt":"2025-03-21T13:18:27","slug":"modena-si-candida-a-citta-creativa-unesco-media-arts-2021","status":"publish","type":"post","link":"https:\/\/modenafuturacreativa.it\/de\/modena-si-candida-a-citta-creativa-unesco-media-arts-2021\/","title":{"rendered":"MODENA BEWIRBT SICH ALS UNESCO CREATIVE CITY MEDIA ARTS 2021"},"content":{"rendered":"<div id=\"fws_6a9b769167960\"  data-column-margin=\"60px\" data-midnight=\"dark\"  class=\"wpb_row vc_row-fluid vc_row\"  style=\"padding-top: 0px; padding-bottom: 0px; \"><div class=\"row-bg-wrap\" data-bg-animation=\"none\" data-bg-animation-delay=\"\" data-bg-overlay=\"false\"><div class=\"inner-wrap row-bg-layer\" ><div class=\"row-bg viewport-desktop\"  style=\"\"><\/div><\/div><\/div><div class=\"row_col_wrap_12 col span_12 dark left\">\n\t<div  class=\"vc_col-sm-6 wpb_column column_container vc_column_container col no-extra-padding inherit_tablet inherit_phone\"  data-padding-pos=\"all\" data-has-bg-color=\"false\" data-bg-color=\"\" data-bg-opacity=\"1\" data-animation=\"\" data-delay=\"0\" >\n\t\t<div class=\"vc_column-inner\" >\n\t\t\t<div class=\"wpb_wrapper\">\n\t\t\t\t\n<div class=\"wpb_text_column wpb_content_element\" >\n\t<div id=\"parent-fieldname-description\" class=\"documentDescription\"><strong>Ank\u00fcndigung von B\u00fcrgermeister Muzzarelli und Stadtrat Bortolamasi am \"Wachstumstisch \"Die Kandidatur im Hinblick auf den Neubeginn nach dem Covid. Kultur als Entwicklungsfaktor\".<\/strong><\/div>\n<div id=\"viewlet-above-content-body\">\u00a0<\/div>\n<div id=\"content-core\">\n<div id=\"parent-fieldname-text\" class=\"plain\">\n<p class=\"wp-block-paragraph\" align=\"JUSTIFY\">Modena bewirbt sich als \"Creative City 2021\" der Unesco im Bereich \"Medienkunst\" und hat damit die M\u00f6glichkeit, sich einem Netzwerk von fast 200 St\u00e4dten auf der ganzen Welt anzuschlie\u00dfen, die sich - auch in Bezug auf die F\u00f6rderung - durch herausragende Leistungen im kulturellen Bereich auszeichnen. Das Bewerbungsverfahren wurde von B\u00fcrgermeister Gian Carlo Muzzarelli und Kulturstadtrat Andrea Bortolamasi auf dem \"Tisch f\u00fcr intelligentes, nachhaltiges und integratives Wachstum\" vorgestellt, der von der Stadt Modena gemeinsam mit Wirtschafts- und Sozialverb\u00e4nden veranstaltet wurde. Bei dem Treffen, das am Freitag, den 18. Dezember, per Telefonkonferenz stattfand, wurde der Weg als eine Gelegenheit angek\u00fcndigt, die Kultur nach der schweren Krise, die den Sektor und die Stadt mit der Pandemie getroffen hat, wiederzubeleben. Die Initiative, an der der Stadtrat und die wichtigsten Kulturakteure der Stadt beteiligt sind, k\u00f6nnte in der Tat eines der Instrumente sein, die zur F\u00f6rderung der Wiederbelebung von Modena nach dem Gesundheitsnotstand eingesetzt werden.<\/p>\n<p align=\"JUSTIFY\">Bortolamasi betonte insbesondere, dass die Kandidatur \"eine Herausforderung der Stadt und f\u00fcr die Stadt darstellt, in der Perspektive eines Neustarts nach dem Covid im Jahr 2021, auch dank der Kultur als Wachstums-, Besch\u00e4ftigungs- und Arbeitsfaktor. Mit einem Prozess\", erkl\u00e4rte der Stadtrat, \"der darauf abzielt, die Marke Modena zu st\u00e4rken, indem sie ihren Charakter als offene und fruchtbare Stadt f\u00fcr junge Menschen hervorhebt, die ihre Wurzeln im produzierenden Gewerbe beibeh\u00e4lt, aber auch in die Zukunft blickt als kreative Stadt, in der Kultur und Technologie dank eines wachsenden Netzwerks von qualifizierten Akteuren miteinander in Dialog treten: von Kulturinstituten \u00fcber Unimore, Fmav, Ago, Ert, Art- ER, Teatro Comunale, Fondazione di Modena, Gallerie Estensi, Fondazione Brodolini, Fondazione San Carlo, \u00f6ffentliche und private Einrichtungen, Verb\u00e4nde und Protagonisten der Kulturszene.<\/p>\n<p align=\"JUSTIFY\">Die Bewerbung von Modena als Unesco Creative City 2021 ist die erste einer italienischen Stadt im \"Cluster\" Medienkunst und steht f\u00fcr eine Realit\u00e4t, die in neue Sprachen - digitale und technologische - investiert, die auf kulturelle Sprachen angewendet werden. Zu den Projekten geh\u00f6ren Clap (Cultural Lab Platforming) f\u00fcr die Innovation der kreativen und kulturellen Industrien mit digitalen Plattformen und die Innovation der audiovisuellen Industrien, in Zusammenarbeit zwischen dem Unimore Interdepartmental Centre for Digital Humanities, dem Laboratorio Aperto und der Stadtverwaltung; die Digitalisierung des Figurinenmuseums, \"Il Dondolo\", der st\u00e4dtische digitale Verlag, das Opern-Streaming des Stadttheaters Pavarotti, die Nutzung sozialer und neuer Medien durch Bibliotheken, Museen und das Musikzentrum und andere Erfahrungen. In einer Stadt, die nicht zuletzt aufgrund der gro\u00dfen st\u00e4dtischen Umw\u00e4lzungen, die sie durchlaufen hat, die Kultur als einen grundlegenden Faktor erkannt hat.<\/p>\n<p align=\"JUSTIFY\">Der Kandidaturprozess wird von Vittorio Salmoni, dem Koordinator des italienischen Unesco-Netzwerks f\u00fcr kreative St\u00e4dte, geleitet. Salmoni ist verantwortlich f\u00fcr die Festlegung der strategischen Linien der Kandidatur und des T\u00e4tigkeitsprogramms von Creative Modena, f\u00fcr die Anbahnung internationaler Beziehungen mit den St\u00e4dten des Netzwerks und repr\u00e4sentativen institutionellen Einrichtungen wie Botschaften sowie f\u00fcr die Planung von Werbe- und Kommunikationsaktivit\u00e4ten f\u00fcr die Kandidatur auf nationaler und internationaler Ebene.<\/p>\n<p align=\"JUSTIFY\">Die ersten Schritte des Prozesses bestanden in einer Bestandsaufnahme mit Formularen, die an alle lokalen Akteure verschickt wurden, um die wichtigsten Projekte zu ermitteln. In naher Zukunft wird das Netz der Akteure formalisiert, u. a. durch die gemeinsame Erstellung eines Protokolls, die Einrichtung eines \"F\u00f6rderausschusses\" mit ihnen und eine \u00f6ffentliche Bekanntmachung f\u00fcr die Gestaltung eines Logos,<\/p>\n<p align=\"JUSTIFY\">Das Creative Cities Network ist ein Unesco-Programm, das seit 2004 aktiv ist und ein Netzwerk von 180 St\u00e4dten aus 72 L\u00e4ndern auf f\u00fcnf Kontinenten umfasst. Ziel des Netzwerks ist es, Wissen, Zusammenarbeit und Projekte zwischen St\u00e4dten zu f\u00f6rdern, die Kultur und Kreativit\u00e4t als treibende Kraft f\u00fcr ihre Entwicklung erkannt haben. Die Schlagworte lauten: Zusammenarbeit, Austausch von Wissen und bew\u00e4hrten Verfahren, Konfrontation, Planung, Aufwertung des immateriellen Kulturerbes. Durch das Netzwerk k\u00f6nnen die St\u00e4dte in sieben Bereichen, die ebenso vielen kulturellen Sektoren entsprechen - Musik, Literatur, Handwerk und Volkskunst und Traditionen, Design, Medienkunst, Gastronomie, Kino - ihre Erfahrungen und F\u00e4higkeiten auf nationalen und internationalen M\u00e4rkten verbessern.<\/p>\n<\/div>\n<\/div>\n<\/div>\n\n\n\n\n\t\t\t<\/div> \n\t\t<\/div>\n\t<\/div> \n\n\t<div  class=\"vc_col-sm-6 wpb_column column_container vc_column_container col no-extra-padding inherit_tablet inherit_phone\"  data-padding-pos=\"all\" data-has-bg-color=\"false\" data-bg-color=\"\" data-bg-opacity=\"1\" data-animation=\"\" data-delay=\"0\" >\n\t\t<div class=\"vc_column-inner\" >\n\t\t\t<div class=\"wpb_wrapper\">\n\t\t\t\t<div class=\"img-with-aniamtion-wrap\" data-max-width=\"100%\" data-max-width-mobile=\"default\" data-shadow=\"none\" data-animation=\"fade-in\" >\n      <div class=\"inner\">\n        <div class=\"hover-wrap\"> \n          <div class=\"hover-wrap-inner\">\n            <img loading=\"lazy\" decoding=\"async\" class=\"img-with-animation skip-lazy\" data-delay=\"0\" height=\"100\" width=\"100\" data-animation=\"fade-in\" src=\"https:\/\/modenafuturacreativa.it\/wp-content\/uploads\/2021\/09\/modena-futura-creativa-logo.svg\" alt=\"\"  \/>\n          <\/div>\n        <\/div>\n        \n      <\/div>\n    <\/div>\n\t\t\t<\/div> \n\t\t<\/div>\n\t<\/div> \n<\/div><\/div>","protected":false},"excerpt":{"rendered":"Ank\u00fcndigung von B\u00fcrgermeister Muzzarelli und Stadtrat Bortolamasi am \"Wachstumstisch \"Kandidatur mit Blick auf den Neustart nach dem Covid. Kultur als Entwicklungsfaktor\" Modena kandidiert f\u00fcr das Amt der Stadt...","protected":false},"author":1,"featured_media":8,"comment_status":"closed","ping_status":"closed","sticky":false,"template":"","format":"standard","meta":{"wpupg_custom_link":[],"wpupg_custom_link_behaviour":[],"wpupg_custom_link_nofollow":[],"wpupg_custom_image":[],"wpupg_custom_image_id":[],"footnotes":""},"categories":[475],"tags":[],"class_list":["post-1","post","type-post","status-publish","format-standard","has-post-thumbnail","category-news"],"_links":{"self":[{"href":"https:\/\/modenafuturacreativa.it\/de\/wp-json\/wp\/v2\/posts\/1","targetHints":{"allow":["GET"]}}],"collection":[{"href":"https:\/\/modenafuturacreativa.it\/de\/wp-json\/wp\/v2\/posts"}],"about":[{"href":"https:\/\/modenafuturacreativa.it\/de\/wp-json\/wp\/v2\/types\/post"}],"author":[{"embeddable":true,"href":"https:\/\/modenafuturacreativa.it\/de\/wp-json\/wp\/v2\/users\/1"}],"replies":[{"embeddable":true,"href":"https:\/\/modenafuturacreativa.it\/de\/wp-json\/wp\/v2\/comments?post=1"}],"version-history":[{"count":4,"href":"https:\/\/modenafuturacreativa.it\/de\/wp-json\/wp\/v2\/posts\/1\/revisions"}],"predecessor-version":[{"id":222,"href":"https:\/\/modenafuturacreativa.it\/de\/wp-json\/wp\/v2\/posts\/1\/revisions\/222"}],"wp:featuredmedia":[{"embeddable":true,"href":"https:\/\/modenafuturacreativa.it\/de\/wp-json\/wp\/v2\/media\/8"}],"wp:attachment":[{"href":"https:\/\/modenafuturacreativa.it\/de\/wp-json\/wp\/v2\/media?parent=1"}],"wp:term":[{"taxonomy":"category","embeddable":true,"href":"https:\/\/modenafuturacreativa.it\/de\/wp-json\/wp\/v2\/categories?post=1"},{"taxonomy":"post_tag","embeddable":true,"href":"https:\/\/modenafuturacreativa.it\/de\/wp-json\/wp\/v2\/tags?post=1"}],"curies":[{"name":"wp","href":"https:\/\/api.w.org\/{rel}","templated":true}]}}